{"id":12129,"date":"2015-05-08T09:00:34","date_gmt":"2015-05-08T12:00:34","guid":{"rendered":"http:\/\/www.sincomam.org.br\/?p=12129"},"modified":"2015-05-08T10:58:57","modified_gmt":"2015-05-08T13:58:57","slug":"passageiros-ficam-presos-em-barca-apos-colisao-contra-plataforma-da-estacao-cocota-na-ilha","status":"publish","type":"post","link":"https:\/\/www.sincomam.org.br\/index.php\/passageiros-ficam-presos-em-barca-apos-colisao-contra-plataforma-da-estacao-cocota-na-ilha\/","title":{"rendered":"Passageiros ficam presos em barca ap\u00f3s colis\u00e3o contra plataforma da esta\u00e7\u00e3o Cocot\u00e1, na Ilha"},"content":{"rendered":"<p><strong><em>Parte da plataforma ficou destru\u00edda na colis\u00e3o. Bombeiros usaram uma esp\u00e9cie de rapel para resgatar cerca de 700 pessoas<\/em><\/strong><\/p>\n<p>Uma barca que chegava ao Cocot\u00e1, na Ilha do Governador, bateu na plataforma da esta\u00e7\u00e3o na noite desta quinta-feira. Devido ao acidente, os passageiros ficaram presos na embarca\u00e7\u00e3o, que saiu \u00e0s 17h30m da Pra\u00e7a Quinze, no Centro. O resgate s\u00f3 come\u00e7ou por volta das 19h30m e bombeiros usaram uma esp\u00e9cie de rapel para descer as pessoas at\u00e9 um bote infl\u00e1vel. Cerca de 700 pessoas viajavam na embarca\u00e7\u00e3o. A CCR Barcas informou que, devido ao acidente, a linha Pra\u00e7a Quinze-Cocot\u00e1 n\u00e3o vai operar nesta sexta-feira.<\/p>\n<p>Testemunhas contaram que alguns usu\u00e1rios do transporte ficaram impacientes com a demora no socorro e mergulharam para poder acessar a esta\u00e7\u00e3o. Outros, por medida de seguran\u00e7a, colocaram o colete salva-vidas e aguardaram. A jornalista Mayana Garcia, de 30 anos, disse que a barca bateu no p\u00eder com o lado esquerdo e parte da plataforma ficou destru\u00edda na colis\u00e3o. No momento do acidente, houve muita correria, principalmente entre os passageiros que estavam na parte da frente.<\/p>\n<p>\u2014 Vi muita gente correndo para dentro da barca, gritando &#8220;segura que vai bater&#8221;. Depois da batida, ficamos presos a cerca de 2 metros de dist\u00e2ncia da plataforma, por isso muita gente pulou na \u00e1gua \u2014 contou a passageira, que voltava do trabalho.<\/p>\n<p>\u00c0s 18h30m, o passageiro Rafael Henry postou no Twitter que estava preso na barca. Segundo ele, as pessoas estavam desesperadas. Ao GLOBO, ele disse que havia tens\u00e3o entre os usu\u00e1rios, que reclamavam da falta de informa\u00e7\u00f5es.<\/p>\n<p>&#8220;Ningu\u00e9m se pronuncia, ningu\u00e9m instrui e ningu\u00e9m acalma os passageiros&#8221;, escreveu ele.<\/p>\n<p>Quem estava na proa da barca contou ter ouvido o comandante dizer que o acidente estava para acontecer, mas, segundo relatos, nada foi feito para que os passageiros pudessem tomar conhecimento do fato e se proteger.<\/p>\n<p>&#8220;Estamos presos na barca. Ela encalhou a metros do cais. Nenhuma informa\u00e7\u00e3o da concession\u00e1ria. Centenas de pessoas assustadas&#8221;, escreveu Guilherme Couto, em e-mail ao GLOBO.<\/p>\n<p>Bombeiros foram acionados e n\u00e3o h\u00e1 informa\u00e7\u00f5es de feridos. Por volta das 19h, equipes tentavam retirar os passageiros presos em botes infl\u00e1veis, sem sucesso. A retirada das pessoas, segundo usu\u00e1rios, s\u00f3 come\u00e7ou \u00e0s 19h30m.<\/p>\n<p>Em nota, a CCR Barcas informou que a embarca\u00e7\u00e3o &#8220;abalroou no p\u00eder flutuante, impossibilitando o desembarque de passageiros&#8221;, durante a atraca\u00e7\u00e3o. A concession\u00e1ria informou ainda que acionou um plano de conting\u00eancia, informando os passageiros sobre o ocorrido e distribuindo vales para uso de outro transporte coletivo. Por causa do acidente, \u00e0s 19h45m, os embarques na esta\u00e7\u00e3o do Cocot\u00e1 foram suspensos.<\/p>\n<p>A Ag\u00eancia Reguladora de Servi\u00e7os P\u00fablicos Concedidos de Transportes Aquavi\u00e1rios, Ferrovi\u00e1rios e Metrovi\u00e1rios e de Rodovias do Estado do Rio de Janeiro (Agetransp) abriu boletim de ocorr\u00eancia para apurar as circunst\u00e2ncias do acidente.<\/p>\n<p>O acidente desta quinta-feira aconteceu com a barca Vital Brazil, que tem capacidade para 2 mil passageiros e come\u00e7ou a operar em 1962, sendo uma das mais antigas ainda em atividade. Ela seria substitu\u00edda pela barca P\u00e3o de A\u00e7\u00facar, que entrou em opera\u00e7\u00e3o no dia 11 de mar\u00e7o deste ano, com a mesma capacidade da mais antiga.<\/p>\n<p>Fonte: O Globo \/ La\u00eds Carpenter \/ Matheus Carrera<\/p>\n","protected":false},"excerpt":{"rendered":"<p>Parte da plataforma ficou destru\u00edda na colis\u00e3o. Bombeiros usaram uma esp\u00e9cie de rapel para resgatar cerca de 700 pessoas Uma barca que chegava ao Cocot\u00e1,&#8230;<\/p>\n","protected":false},"author":1182,"featured_media":12130,"comment_status":"closed","ping_status":"closed","sticky":false,"template":"","format":"standard","meta":{"footnotes":""},"categories":[6],"tags":[],"class_list":["post-12129","post","type-post","status-publish","format-standard","has-post-thumbnail","hentry","category-noticias"],"_links":{"self":[{"href":"https:\/\/www.sincomam.org.br\/index.php\/wp-json\/wp\/v2\/posts\/12129","targetHints":{"allow":["GET"]}}],"collection":[{"href":"https:\/\/www.sincomam.org.br\/index.php\/wp-json\/wp\/v2\/posts"}],"about":[{"href":"https:\/\/www.sincomam.org.br\/index.php\/wp-json\/wp\/v2\/types\/post"}],"author":[{"embeddable":true,"href":"https:\/\/www.sincomam.org.br\/index.php\/wp-json\/wp\/v2\/users\/1182"}],"replies":[{"embeddable":true,"href":"https:\/\/www.sincomam.org.br\/index.php\/wp-json\/wp\/v2\/comments?post=12129"}],"version-history":[{"count":1,"href":"https:\/\/www.sincomam.org.br\/index.php\/wp-json\/wp\/v2\/posts\/12129\/revisions"}],"predecessor-version":[{"id":12131,"href":"https:\/\/www.sincomam.org.br\/index.php\/wp-json\/wp\/v2\/posts\/12129\/revisions\/12131"}],"wp:featuredmedia":[{"embeddable":true,"href":"https:\/\/www.sincomam.org.br\/index.php\/wp-json\/wp\/v2\/media\/12130"}],"wp:attachment":[{"href":"https:\/\/www.sincomam.org.br\/index.php\/wp-json\/wp\/v2\/media?parent=12129"}],"wp:term":[{"taxonomy":"category","embeddable":true,"href":"https:\/\/www.sincomam.org.br\/index.php\/wp-json\/wp\/v2\/categories?post=12129"},{"taxonomy":"post_tag","embeddable":true,"href":"https:\/\/www.sincomam.org.br\/index.php\/wp-json\/wp\/v2\/tags?post=12129"}],"curies":[{"name":"wp","href":"https:\/\/api.w.org\/{rel}","templated":true}]}}