{"id":12125,"date":"2015-05-08T10:43:45","date_gmt":"2015-05-08T13:43:45","guid":{"rendered":"http:\/\/www.sincomam.org.br\/?p=12125"},"modified":"2015-05-08T10:43:45","modified_gmt":"2015-05-08T13:43:45","slug":"alianca-batiza-bartolomeu-dias","status":"publish","type":"post","link":"https:\/\/www.sincomam.org.br\/index.php\/alianca-batiza-bartolomeu-dias\/","title":{"rendered":"Alian\u00e7a batiza \u2018Bartolomeu Dias\u2019"},"content":{"rendered":"<p>A frota de cabotagem da Alian\u00e7a, subsidi\u00e1ria da Hamburg S\u00fcd, ganhou um novo navio. Em um evento realizado no Tecon Rio Grande, no porto de Rio Grande (RS), foi batizado o porta-cont\u00eaineres Bartolomeu Dias.<\/p>\n<p>A madrinha da embarca\u00e7\u00e3o \u00e9 Luciana Pereira Quartiero, esposa do vice-presidente da Camil Alimentos, Jacques Quartiero. Com capacidade para 4,8 milTEUse 600 tomadas para cont\u00eaineres refrigerados, o Bartolomeu Dias \u00e9 o maior navio que a Alian\u00e7a j\u00e1 colocou em opera\u00e7\u00e3o no servi\u00e7o de cabotagem brasileira.<\/p>\n<p>O nome \u00e9 uma homenagem ao navegador portugu\u00eas que descobriu o Brasil em 22 de abril de 1500, quando era capit\u00e3o da frota de Pedro \u00c1lvares Cabral.<\/p>\n<p>Fonte: Portos e Navios<\/p>\n","protected":false},"excerpt":{"rendered":"<p>A frota de cabotagem da Alian\u00e7a, subsidi\u00e1ria da Hamburg S\u00fcd, ganhou um novo navio. Em um evento realizado no Tecon Rio Grande, no porto de&#8230;<\/p>\n","protected":false},"author":1182,"featured_media":11660,"comment_status":"closed","ping_status":"closed","sticky":false,"template":"","format":"standard","meta":{"footnotes":""},"categories":[6],"tags":[],"class_list":["post-12125","post","type-post","status-publish","format-standard","has-post-thumbnail","hentry","category-noticias"],"_links":{"self":[{"href":"https:\/\/www.sincomam.org.br\/index.php\/wp-json\/wp\/v2\/posts\/12125","targetHints":{"allow":["GET"]}}],"collection":[{"href":"https:\/\/www.sincomam.org.br\/index.php\/wp-json\/wp\/v2\/posts"}],"about":[{"href":"https:\/\/www.sincomam.org.br\/index.php\/wp-json\/wp\/v2\/types\/post"}],"author":[{"embeddable":true,"href":"https:\/\/www.sincomam.org.br\/index.php\/wp-json\/wp\/v2\/users\/1182"}],"replies":[{"embeddable":true,"href":"https:\/\/www.sincomam.org.br\/index.php\/wp-json\/wp\/v2\/comments?post=12125"}],"version-history":[{"count":1,"href":"https:\/\/www.sincomam.org.br\/index.php\/wp-json\/wp\/v2\/posts\/12125\/revisions"}],"predecessor-version":[{"id":12126,"href":"https:\/\/www.sincomam.org.br\/index.php\/wp-json\/wp\/v2\/posts\/12125\/revisions\/12126"}],"wp:featuredmedia":[{"embeddable":true,"href":"https:\/\/www.sincomam.org.br\/index.php\/wp-json\/wp\/v2\/media\/11660"}],"wp:attachment":[{"href":"https:\/\/www.sincomam.org.br\/index.php\/wp-json\/wp\/v2\/media?parent=12125"}],"wp:term":[{"taxonomy":"category","embeddable":true,"href":"https:\/\/www.sincomam.org.br\/index.php\/wp-json\/wp\/v2\/categories?post=12125"},{"taxonomy":"post_tag","embeddable":true,"href":"https:\/\/www.sincomam.org.br\/index.php\/wp-json\/wp\/v2\/tags?post=12125"}],"curies":[{"name":"wp","href":"https:\/\/api.w.org\/{rel}","templated":true}]}}