{"id":12112,"date":"2015-05-07T11:12:07","date_gmt":"2015-05-07T14:12:07","guid":{"rendered":"http:\/\/www.sincomam.org.br\/?p=12112"},"modified":"2015-05-07T11:12:07","modified_gmt":"2015-05-07T14:12:07","slug":"camara-aprova-mp-que-muda-regras-de-acesso-ao-seguro-desemprego","status":"publish","type":"post","link":"https:\/\/www.sincomam.org.br\/index.php\/camara-aprova-mp-que-muda-regras-de-acesso-ao-seguro-desemprego\/","title":{"rendered":"C\u00e2mara aprova MP que muda regras de acesso ao seguro-desemprego"},"content":{"rendered":"<p>A Medida Provis\u00f3ria (MP) 665, que altera as regras de acesso ao seguro-desemprego, ao abono salarial e ao seguro-defeso, foi aprovado h\u00e1 pouco pelo plen\u00e1rio da C\u00e2mara e transformado em lei depois de muitas discuss\u00f5es em torno da mat\u00e9ria, ressalvadas as emendas e destaques que visam a modificar o texto aprovado. Foram 252 votos a favor, 227 contra e 1 absten\u00e7\u00e3o. Pelo acordo que possibilitou a aprova\u00e7\u00e3o da MP, ainda hoje devem ser votados nominalmente dois destaques que visam a alterar o texto da medida. Os outros destaques e emendas devem ser votados amanh\u00e3 (7).<\/p>\n<p>Encaminharam voto favor\u00e1vel \u00e0 aprova\u00e7\u00e3o da MP 665 os l\u00edderes do bloco formado pelo PMDB e outros partidos, do PT, do PSD, do PR, do PCdoB, do PROS e do PRB, al\u00e9m da lideran\u00e7a do governo. Encaminharam contra a aprova\u00e7\u00e3o da medida provis\u00f3ria os l\u00edderes do PSDB, do DEM, do SD, do PDT, do PPS e do PSOL e o l\u00edder da minoria. O \u00fanico partido da base governista que encaminhou voto contra a MP foi o PDT. O PV liberou sua bancada para votar de acordo com a convic\u00e7\u00e3o de cada um.<\/p>\n<p>Desde ontem (5), as mudan\u00e7as nas regras de acesso ao seguro-desemprego, ao abono salarial e ao seguro-defeso vinham sendo debatidas pelos deputados de partidos da base governista e da oposi\u00e7\u00e3o no plen\u00e1rio da C\u00e2mara. A MP deveria ter sido votada na noite de ontem, mas como n\u00e3o houve acordo, os l\u00edderes de partidos da base governista e o l\u00edder do governo, deputado Jos\u00e9 Guimar\u00e3es (PT-CE), fecharam um acordo para adiar para hoje a vota\u00e7\u00e3o, visando a sensibilizar aliados a votarem a favor das medidas.<\/p>\n<p>O l\u00edder do PMDB, deputado Leonardo Picciani (RJ), exigiu clareza nos posicionamentos do PT em rela\u00e7\u00e3o \u00e0 aprova\u00e7\u00e3o da MP.\u00a0 Segundo Picciani, ontem o programa do PT deixou um sinal trocado. \u201cFicamos com a impress\u00e3o de que o PT poderia estar considerando que o ajuste n\u00e3o era necess\u00e1rio para o pa\u00eds\u201d, disse.<\/p>\n<p>Para o peemedebista, no programa do PT faltou firmeza na defesa do ajuste, o que fez com que o bloco do PMDB e outros partidos desse um passo atr\u00e1s. \u201cPor isso, de forma aberta, cobramos do PT um posicionamento claro e esse posicionamento veio hoje\u201d, explicou Picciani ao justificar o apoio do PMDB \u00e0 aprova\u00e7\u00e3o da MP.<\/p>\n<p>Fonte: Ag\u00eancia Brasil<\/p>\n","protected":false},"excerpt":{"rendered":"<p>A Medida Provis\u00f3ria (MP) 665, que altera as regras de acesso ao seguro-desemprego, ao abono salarial e ao seguro-defeso, foi aprovado h\u00e1 pouco pelo plen\u00e1rio&#8230;<\/p>\n","protected":false},"author":1182,"featured_media":3613,"comment_status":"closed","ping_status":"closed","sticky":false,"template":"","format":"standard","meta":{"footnotes":""},"categories":[6],"tags":[],"class_list":["post-12112","post","type-post","status-publish","format-standard","has-post-thumbnail","hentry","category-noticias"],"_links":{"self":[{"href":"https:\/\/www.sincomam.org.br\/index.php\/wp-json\/wp\/v2\/posts\/12112","targetHints":{"allow":["GET"]}}],"collection":[{"href":"https:\/\/www.sincomam.org.br\/index.php\/wp-json\/wp\/v2\/posts"}],"about":[{"href":"https:\/\/www.sincomam.org.br\/index.php\/wp-json\/wp\/v2\/types\/post"}],"author":[{"embeddable":true,"href":"https:\/\/www.sincomam.org.br\/index.php\/wp-json\/wp\/v2\/users\/1182"}],"replies":[{"embeddable":true,"href":"https:\/\/www.sincomam.org.br\/index.php\/wp-json\/wp\/v2\/comments?post=12112"}],"version-history":[{"count":1,"href":"https:\/\/www.sincomam.org.br\/index.php\/wp-json\/wp\/v2\/posts\/12112\/revisions"}],"predecessor-version":[{"id":12113,"href":"https:\/\/www.sincomam.org.br\/index.php\/wp-json\/wp\/v2\/posts\/12112\/revisions\/12113"}],"wp:featuredmedia":[{"embeddable":true,"href":"https:\/\/www.sincomam.org.br\/index.php\/wp-json\/wp\/v2\/media\/3613"}],"wp:attachment":[{"href":"https:\/\/www.sincomam.org.br\/index.php\/wp-json\/wp\/v2\/media?parent=12112"}],"wp:term":[{"taxonomy":"category","embeddable":true,"href":"https:\/\/www.sincomam.org.br\/index.php\/wp-json\/wp\/v2\/categories?post=12112"},{"taxonomy":"post_tag","embeddable":true,"href":"https:\/\/www.sincomam.org.br\/index.php\/wp-json\/wp\/v2\/tags?post=12112"}],"curies":[{"name":"wp","href":"https:\/\/api.w.org\/{rel}","templated":true}]}}