{"id":12110,"date":"2015-05-07T11:06:48","date_gmt":"2015-05-07T14:06:48","guid":{"rendered":"http:\/\/www.sincomam.org.br\/?p=12110"},"modified":"2015-05-07T11:06:48","modified_gmt":"2015-05-07T14:06:48","slug":"desemprego-no-pais-subiu-para-79-no-1o-trimestre-a-maior-taxa-em-2-anos","status":"publish","type":"post","link":"https:\/\/www.sincomam.org.br\/index.php\/desemprego-no-pais-subiu-para-79-no-1o-trimestre-a-maior-taxa-em-2-anos\/","title":{"rendered":"Desemprego no pa\u00eds subiu para 7,9% no 1\u00ba trimestre, a maior taxa em 2 anos"},"content":{"rendered":"<p><strong><em>Renda somou R$ 1.840 e ficou est\u00e1vel em rela\u00e7\u00e3o ao primeiro trimestre de 2014, segundo Pnad Cont\u00ednua, do IBGE<\/em><\/strong><\/p>\n<p>A taxa de desemprego no pa\u00eds no primeiro trimestre do ano subiu para 7,9%, segundo a Pesquisa Nacional por Amostra de Domic\u00edlios (Pnad) Cont\u00ednua divulgada nesta quinta-feira pelo IBGE. \u00c9 a maior taxa desde o primeiro trimestre de 2013, quando foi de 8%. No primeiro trimestre do ano passado, ela tinha sido de 7,2%. No \u00faltimo trimestre de 2014, chegou a 6,5%. Em 2014, a taxa m\u00e9dia de desemprego no pa\u00eds foi de 6,8% ante 7,1% de 2013.<\/p>\n<p>Pela Pesquisa Mensal de Emprego (PME), que abrange as regi\u00f5es metropolitanas do Rio, S\u00e3o Paulo, Belo Horizonte, Porto Alegre, Salvador e Recife, o desemprego no primeiro trimestre ficou em 5,8%. Os dados de mar\u00e7o mostraram uma deteriora\u00e7\u00e3o da renda do trabalho, com queda tanto nominal quanto real na renda frente ao m\u00eas anterior.<\/p>\n<p>O objetivo do IBGE \u00e9 substituir a PME pelo levantamento nacional, criado em 2012. A Pnad Cont\u00ednua Trimestral pesquisa as informa\u00e7\u00f5es sobre o mercado de trabalho em cerca de 3.500 munic\u00edpios.<\/p>\n<p>A renda ficou est\u00e1vel em rela\u00e7\u00e3o ao primeiro trimestre de 2014 e somou R$ 1.840. Frente ao quarto trimestre de 2014, subiu 0,8% acima da infla\u00e7\u00e3o.<\/p>\n<p>Por estados, o Rio Grande do Norte teve a maior taxa de desocupa\u00e7\u00e3o no primeiro trimestre, com 11,5%. Santa Catarina, a menor: 3,9%. No Rio, foi de 6,5%, abaixo da m\u00e9dia nacional. Em S\u00e3o Paulo, o desemprego atingiu 8,5%, a maior taxa do Sudeste.<\/p>\n<p>Um ter\u00e7o dos estados apresentaram no primeiro trimestre do ano a maior taxa de desocupa\u00e7\u00e3o, considerando todas os trimestres da pesquisa. Ao todo, 19 estados tiveram aumento da desocupa\u00e7\u00e3o frente ao mesmo trimestre do ano passado, enquanto oito registraram queda nessa base de compara\u00e7\u00e3o.<\/p>\n<p>\u2014 H\u00e1 uma press\u00e3o maior sobre o mercado de trabalho, um aumento dos desocupados, uma gera\u00e7\u00e3o menor de postos de trabalho e isso vai se refletir na taxa de desocupa\u00e7\u00e3o \u2014 afirma Cimar Azeredo, gerente da pesquisa.<\/p>\n<p><strong>Desemprego maior entre mulheres<\/strong><\/p>\n<p>O contingente de desempregados no pa\u00eds chegou a 7,9 milh\u00f5es de pessoas. J\u00e1 o de pessoas com carteira assinada avan\u00e7ou 0,5 ponto percentual frente ao mesmo per\u00edodo de 2014, para 78,2% do trabalhadores do setor privado. A popula\u00e7\u00e3o ocupada ficou em 92,023 milh\u00f5es. Houve uma queda de 0,9% na compara\u00e7\u00e3o com o trimestre anterior e uma alta de 0,8% frente ao mesmo o per\u00edodo de 2014.<\/p>\n<p>A taxa de desocupa\u00e7\u00e3o subiu em todas as regi\u00f5es, em rela\u00e7\u00e3o ao primeiro trimestre de 2014. No primeiro trimestre de 2015, a regi\u00e3o Nordeste foi a que apresentou a maior taxa de desocupa\u00e7\u00e3o (9,6%) e a regi\u00e3o Sul, a menor (5,1%). No Centro-Oeste, do primeiro trimestre de 2014 para o primeiro trimestre de 2015, foi observada eleva\u00e7\u00e3o de 1,5 ponto percentual na taxa de desocupa\u00e7\u00e3o e nas regi\u00f5es Norte e Sudeste, de 1 ponto percentual.<\/p>\n<p>As an\u00e1lises apontaram diferen\u00e7as significativas na taxa de desocupa\u00e7\u00e3o entre homens e mulheres, comportamento verificado tamb\u00e9m nas cinco grandes regi\u00f5es. No primeiro trimestre de 2014, a taxa ficou em 6,6% para os homens e 9,6% para as mulheres. J\u00e1 entre os jovens de 18 a 24 anos de idade, a taxa foi de 17,6%, patamar elevado em rela\u00e7\u00e3o \u00e0 taxa m\u00e9dia total (7,9%), comportamento verificado tanto para o Brasil, quanto para as cinco regi\u00f5es.<\/p>\n<p>Fonte: O Globo \/ Clarice Spitz<\/p>\n","protected":false},"excerpt":{"rendered":"<p>Renda somou R$ 1.840 e ficou est\u00e1vel em rela\u00e7\u00e3o ao primeiro trimestre de 2014, segundo Pnad Cont\u00ednua, do IBGE A taxa de desemprego no pa\u00eds&#8230;<\/p>\n","protected":false},"author":1182,"featured_media":10201,"comment_status":"closed","ping_status":"closed","sticky":false,"template":"","format":"standard","meta":{"footnotes":""},"categories":[6],"tags":[],"class_list":["post-12110","post","type-post","status-publish","format-standard","has-post-thumbnail","hentry","category-noticias"],"_links":{"self":[{"href":"https:\/\/www.sincomam.org.br\/index.php\/wp-json\/wp\/v2\/posts\/12110","targetHints":{"allow":["GET"]}}],"collection":[{"href":"https:\/\/www.sincomam.org.br\/index.php\/wp-json\/wp\/v2\/posts"}],"about":[{"href":"https:\/\/www.sincomam.org.br\/index.php\/wp-json\/wp\/v2\/types\/post"}],"author":[{"embeddable":true,"href":"https:\/\/www.sincomam.org.br\/index.php\/wp-json\/wp\/v2\/users\/1182"}],"replies":[{"embeddable":true,"href":"https:\/\/www.sincomam.org.br\/index.php\/wp-json\/wp\/v2\/comments?post=12110"}],"version-history":[{"count":1,"href":"https:\/\/www.sincomam.org.br\/index.php\/wp-json\/wp\/v2\/posts\/12110\/revisions"}],"predecessor-version":[{"id":12111,"href":"https:\/\/www.sincomam.org.br\/index.php\/wp-json\/wp\/v2\/posts\/12110\/revisions\/12111"}],"wp:featuredmedia":[{"embeddable":true,"href":"https:\/\/www.sincomam.org.br\/index.php\/wp-json\/wp\/v2\/media\/10201"}],"wp:attachment":[{"href":"https:\/\/www.sincomam.org.br\/index.php\/wp-json\/wp\/v2\/media?parent=12110"}],"wp:term":[{"taxonomy":"category","embeddable":true,"href":"https:\/\/www.sincomam.org.br\/index.php\/wp-json\/wp\/v2\/categories?post=12110"},{"taxonomy":"post_tag","embeddable":true,"href":"https:\/\/www.sincomam.org.br\/index.php\/wp-json\/wp\/v2\/tags?post=12110"}],"curies":[{"name":"wp","href":"https:\/\/api.w.org\/{rel}","templated":true}]}}