{"id":12104,"date":"2015-05-07T10:40:58","date_gmt":"2015-05-07T13:40:58","guid":{"rendered":"http:\/\/www.sincomam.org.br\/?p=12104"},"modified":"2015-05-07T10:43:11","modified_gmt":"2015-05-07T13:43:11","slug":"ministro-abre-segunda-audiencia-publica-para-discutir-concessao-de-dragagem","status":"publish","type":"post","link":"https:\/\/www.sincomam.org.br\/index.php\/ministro-abre-segunda-audiencia-publica-para-discutir-concessao-de-dragagem\/","title":{"rendered":"Ministro abre segunda audi\u00eancia p\u00fablica para discutir concess\u00e3o de dragagem"},"content":{"rendered":"<p>O ministro da Secretaria de Portos Edinho Ara\u00fajo participa na pr\u00f3xima sexta-feira (08.05) da abertura da segunda audi\u00eancia p\u00fablica para discutir a modelagem para a concess\u00e3o da dragagem nos portos organizados brasileiros.<\/p>\n<p>O encontro ser\u00e1 \u00e0s 15 horas, no audit\u00f3rio do Banco do Brasil, em S\u00e3o Paulo.<\/p>\n<p>Na primeira audi\u00eancia participaram 158 pessoas. V\u00e1rias sugest\u00f5es j\u00e1 foram encaminhadas ao endere\u00e7o eletr\u00f4nico disponibilizado pela SEP (modelodragagem@portosdobrasil.gov.br), que estar\u00e1 aberto at\u00e9 o dia 9 de maio.<\/p>\n<p>O ministro Edinho Ara\u00fajo destacou o interesse do setor empresarial e portu\u00e1rio em discutir a dragagem e se mostrou otimista em rela\u00e7\u00e3o \u00e0 concess\u00e3o.<\/p>\n<p>\u201cGarantir a dragagem cont\u00ednua e manter o calado nos portos \u00e9 um desafio a ser vencido para dar seguran\u00e7a aos investidores e manter as condi\u00e7\u00f5es operacionais dos portos. Com apoio do setor vamos construir a modelagem de que o Pa\u00eds precisa\u201d, afirmou o ministro.<\/p>\n<p><strong>Servi\u00e7o:<\/strong><\/p>\n<p>2\u00aa Audi\u00eancia P\u00fablica \u2013 Dragagem<\/p>\n<p>Dia 08 de maio \u2013 15 horas<\/p>\n<p>Local: Edif\u00edcio BANCO DO BRASIL<\/p>\n<p>Audit\u00f3rio da Presid\u00eancia da Rep\u00fablica-PR<\/p>\n<p>Av. Paulista, 2163 &#8211; 17\u00ba Andar &#8211; Bela Vista &#8211; S\u00e3o Paulo-SP<\/p>\n<p>Fonte: Ascom\/Secretaria de Portos &#8211; SEP\/PR<\/p>\n","protected":false},"excerpt":{"rendered":"<p>O ministro da Secretaria de Portos Edinho Ara\u00fajo participa na pr\u00f3xima sexta-feira (08.05) da abertura da segunda audi\u00eancia p\u00fablica para discutir a modelagem para a&#8230;<\/p>\n","protected":false},"author":1182,"featured_media":0,"comment_status":"closed","ping_status":"closed","sticky":false,"template":"","format":"standard","meta":{"footnotes":""},"categories":[6],"tags":[],"class_list":["post-12104","post","type-post","status-publish","format-standard","hentry","category-noticias"],"_links":{"self":[{"href":"https:\/\/www.sincomam.org.br\/index.php\/wp-json\/wp\/v2\/posts\/12104","targetHints":{"allow":["GET"]}}],"collection":[{"href":"https:\/\/www.sincomam.org.br\/index.php\/wp-json\/wp\/v2\/posts"}],"about":[{"href":"https:\/\/www.sincomam.org.br\/index.php\/wp-json\/wp\/v2\/types\/post"}],"author":[{"embeddable":true,"href":"https:\/\/www.sincomam.org.br\/index.php\/wp-json\/wp\/v2\/users\/1182"}],"replies":[{"embeddable":true,"href":"https:\/\/www.sincomam.org.br\/index.php\/wp-json\/wp\/v2\/comments?post=12104"}],"version-history":[{"count":1,"href":"https:\/\/www.sincomam.org.br\/index.php\/wp-json\/wp\/v2\/posts\/12104\/revisions"}],"predecessor-version":[{"id":12105,"href":"https:\/\/www.sincomam.org.br\/index.php\/wp-json\/wp\/v2\/posts\/12104\/revisions\/12105"}],"wp:attachment":[{"href":"https:\/\/www.sincomam.org.br\/index.php\/wp-json\/wp\/v2\/media?parent=12104"}],"wp:term":[{"taxonomy":"category","embeddable":true,"href":"https:\/\/www.sincomam.org.br\/index.php\/wp-json\/wp\/v2\/categories?post=12104"},{"taxonomy":"post_tag","embeddable":true,"href":"https:\/\/www.sincomam.org.br\/index.php\/wp-json\/wp\/v2\/tags?post=12104"}],"curies":[{"name":"wp","href":"https:\/\/api.w.org\/{rel}","templated":true}]}}