{"id":12102,"date":"2015-05-07T10:39:02","date_gmt":"2015-05-07T13:39:02","guid":{"rendered":"http:\/\/www.sincomam.org.br\/?p=12102"},"modified":"2015-05-07T11:20:28","modified_gmt":"2015-05-07T14:20:28","slug":"antaq-e-mre-promovem-reuniao-para-tratar-da-integracao-hidroviaria-brasil-peru","status":"publish","type":"post","link":"https:\/\/www.sincomam.org.br\/index.php\/antaq-e-mre-promovem-reuniao-para-tratar-da-integracao-hidroviaria-brasil-peru\/","title":{"rendered":"ANTAQ e MRE promovem reuni\u00e3o para tratar da integra\u00e7\u00e3o hidrovi\u00e1ria Brasil-Peru"},"content":{"rendered":"<p>O diretor da ANTAQ, Adalberto Tokarski, e o chefe do Departamento da Am\u00e9rica do Sul II, do Minist\u00e9rio das Rela\u00e7\u00f5es Exteriores (MRE), embaixador Clemente Baena Soares, receberam na tarde de ontem (5), na sede da Ag\u00eancia, em Bras\u00edlia, uma comitiva do Peru, liderada pelo ministro conselheiro comercial da Embaixada peruana no Brasil, Miguel Samanez. A reuni\u00e3o teve como tema central a integra\u00e7\u00e3o hidrovi\u00e1ria entre os dois pa\u00edses, dando continuidade a tratativas anteriores sobre o assunto.<\/p>\n<p>Samanez estava acompanhado de funcion\u00e1rios da embaixada peruana e do adido naval da representa\u00e7\u00e3o daquele pa\u00eds no Brasil, capit\u00e3o-de-mar-e-guerra Gonzalo Carrera Mazuelos.<\/p>\n<p>Pelo lado brasileiro, tamb\u00e9m participaram o chefe da Coordena\u00e7\u00e3o-Geral de Assuntos Econ\u00f4micos para Am\u00e9rica do Sul, Central e Caribe do MRE, Jo\u00e3o Carlos Parkinson de Castro, o presidente do Sindicato dos Armadores do Par\u00e1, Jos\u00e9 Rebelo III, al\u00e9m de representantes dos minist\u00e9rios dos Transportes\/DNIT, Defesa, Planejamento, Or\u00e7amento e Gest\u00e3o e do Desenvolvimento, Ind\u00fastria e Com\u00e9rcio Exterior, Marinha do Brasil, Receita Federal, Secretaria de Portos, Senado Federal e ANTAQ, entre outros.<\/p>\n<p>Na primeira parte da reuni\u00e3o, o diretor da ANTAQ e o encarregado da Divis\u00e3o de Portos e Hidrovias do Estado Maior da Armada, capit\u00e3o-de-mar-e-guerra Luiz Filipe Correia, fizeram uma apresenta\u00e7\u00e3o sobre o Programa de Rastreamento de Embarca\u00e7\u00f5es \u2013 PRENAV, que a ANTAQ e a Marinha brasileira colocar\u00e3o em funcionamento, para monitoramento das embarca\u00e7\u00f5es que fazem o transporte de passageiros nos rios da Amaz\u00f4nia.<\/p>\n<p>Fruto de conv\u00eanio de coopera\u00e7\u00e3o entre a Marinha do Brasil e a ANTAQ, o Programa vai permitir o acompanhamento em tempo real da presta\u00e7\u00e3o de servi\u00e7os pelas embarca\u00e7\u00f5es autorizadas pela Ag\u00eancia no transporte de passageiros e misto (cargas e passageiros) na Regi\u00e3o Norte do pa\u00eds. Atualmente, o Programa est\u00e1 em fase final de acertos da parte jur\u00eddica, e a expectativa \u00e9 entrar em opera\u00e7\u00e3o em 24 meses.<\/p>\n<p>\u201cCom esse monitoramento, n\u00f3s vamos poder acompanhar mais de perto a presta\u00e7\u00e3o de servi\u00e7os no transporte de passageiros na Amaz\u00f4nia e, assim, melhorar a qualidade desses servi\u00e7os, quer em termos de assiduidade, quer em termos de pontualidade, regularidade e conforto dos usu\u00e1rios\u201d, observou Tokarski. De acordo com o diretor da ANTAQ, cerca de dez mil passageiros circulam em embarca\u00e7\u00f5es nos rios da Amaz\u00f4nia por ano.<\/p>\n<p>Na sequ\u00eancia da reuni\u00e3o com os peruanos, foram discutidos os desafios ao com\u00e9rcio hidrovi\u00e1rio bilateral, debate que teve a participa\u00e7\u00e3o de empres\u00e1rios de transporte atuantes na Regi\u00e3o. Os debatedores abordaram temas como o alfandegamento no Porto de Tabatinga (AM), praticagem, melhorias infraestruturais no pa\u00eds vizinho e tr\u00e1fico de madeira.<\/p>\n<p>O terceiro e \u00faltimo tema da reuni\u00e3o tratou da oportunidade de neg\u00f3cios entre os dois pa\u00edses. Foram abordadas quest\u00f5es como o com\u00e9rcio bilateral atual e a demanda existente no transporte de carga.<\/p>\n<p>Por fim, brasileiros e peruanos definiram os pr\u00f3ximos passos da agenda bilateral para constru\u00e7\u00e3o da integra\u00e7\u00e3o hidrovi\u00e1ria, que \u00e9 coordenada pelo Minist\u00e9rio das Rela\u00e7\u00f5es Exteriores brasileiro e pela institui\u00e7\u00e3o similar do pa\u00eds vizinho, e que permitir\u00e1 ao Brasil a sa\u00edda para os seus produtos pelo Oceano Pac\u00edfico e, aos peruanos, a sa\u00edda pelo Oceano Atl\u00e2ntico.<\/p>\n<p>Fonte: Valor Econ\u00f4mico<\/p>\n","protected":false},"excerpt":{"rendered":"<p>O diretor da ANTAQ, Adalberto Tokarski, e o chefe do Departamento da Am\u00e9rica do Sul II, do Minist\u00e9rio das Rela\u00e7\u00f5es Exteriores (MRE), embaixador Clemente Baena&#8230;<\/p>\n","protected":false},"author":1182,"featured_media":9590,"comment_status":"closed","ping_status":"closed","sticky":false,"template":"","format":"standard","meta":{"footnotes":""},"categories":[6],"tags":[],"class_list":["post-12102","post","type-post","status-publish","format-standard","has-post-thumbnail","hentry","category-noticias"],"_links":{"self":[{"href":"https:\/\/www.sincomam.org.br\/index.php\/wp-json\/wp\/v2\/posts\/12102","targetHints":{"allow":["GET"]}}],"collection":[{"href":"https:\/\/www.sincomam.org.br\/index.php\/wp-json\/wp\/v2\/posts"}],"about":[{"href":"https:\/\/www.sincomam.org.br\/index.php\/wp-json\/wp\/v2\/types\/post"}],"author":[{"embeddable":true,"href":"https:\/\/www.sincomam.org.br\/index.php\/wp-json\/wp\/v2\/users\/1182"}],"replies":[{"embeddable":true,"href":"https:\/\/www.sincomam.org.br\/index.php\/wp-json\/wp\/v2\/comments?post=12102"}],"version-history":[{"count":1,"href":"https:\/\/www.sincomam.org.br\/index.php\/wp-json\/wp\/v2\/posts\/12102\/revisions"}],"predecessor-version":[{"id":12103,"href":"https:\/\/www.sincomam.org.br\/index.php\/wp-json\/wp\/v2\/posts\/12102\/revisions\/12103"}],"wp:featuredmedia":[{"embeddable":true,"href":"https:\/\/www.sincomam.org.br\/index.php\/wp-json\/wp\/v2\/media\/9590"}],"wp:attachment":[{"href":"https:\/\/www.sincomam.org.br\/index.php\/wp-json\/wp\/v2\/media?parent=12102"}],"wp:term":[{"taxonomy":"category","embeddable":true,"href":"https:\/\/www.sincomam.org.br\/index.php\/wp-json\/wp\/v2\/categories?post=12102"},{"taxonomy":"post_tag","embeddable":true,"href":"https:\/\/www.sincomam.org.br\/index.php\/wp-json\/wp\/v2\/tags?post=12102"}],"curies":[{"name":"wp","href":"https:\/\/api.w.org\/{rel}","templated":true}]}}