{"id":12092,"date":"2015-05-06T12:05:58","date_gmt":"2015-05-06T15:05:58","guid":{"rendered":"http:\/\/www.sincomam.org.br\/?p=12092"},"modified":"2015-05-06T12:05:58","modified_gmt":"2015-05-06T15:05:58","slug":"mesmo-com-os-atuais-desafios-acredito-na-forca-do-pais-e-da-iniciativa-privada-diz-ministro-da-sep","status":"publish","type":"post","link":"https:\/\/www.sincomam.org.br\/index.php\/mesmo-com-os-atuais-desafios-acredito-na-forca-do-pais-e-da-iniciativa-privada-diz-ministro-da-sep\/","title":{"rendered":"\u201cMesmo com os atuais desafios, acredito na for\u00e7a do pa\u00eds e da iniciativa privada\u201d, diz ministro da SEP"},"content":{"rendered":"<p><strong><em>Segundo ele, est\u00e3o sendo discutidos assuntos sobre concess\u00e3o dos canais de acesso aos portos para garantir a dragagem<\/em><\/strong><\/p>\n<p>O ministro-chefe da SEP\/PR (Secretaria de Portos da Presid\u00eancia da Rep\u00fablica) Edinho Ara\u00fajo, disse durante reuni\u00e3o com empres\u00e1rios e representantes do setor de log\u00edstica que mesmo com os desafios atuais, continua confiando na for\u00e7a do pa\u00eds e da iniciativa privada. Segundo Ara\u00fajo, o setor portu\u00e1rio est\u00e1 repleto de oportunidades. Destacando que no momento est\u00e1 discutindo a concess\u00e3o dos canais de acesso aos portos, a fim de garantir a dragagem para manuten\u00e7\u00e3o da profundidade nos acessos mar\u00edtimos. \u201cCabe a n\u00f3s, \u00f3rg\u00e3os p\u00fablicos, trabalharmos para viabilizar novos investimentos, que gerem emprego e renda e que reduzam o custo Brasil\u201d.<\/p>\n<p>O ministro que tamb\u00e9m visitou a CDRJ (Companhia Docas do Rio de Janeiro), tratou de quest\u00f5es como a melhoria dos acessos rodovi\u00e1rios ao Porto do Rio de Janeiro. As ideias discutidas consideram as mudan\u00e7as previstas no projeto Porto Maravilha. A dimens\u00e3o dessas interven\u00e7\u00f5es que v\u00e3o revitalizar a regi\u00e3o portu\u00e1ria da cidade foi exibida em v\u00eddeo para o ministro. Ap\u00f3s a reuni\u00e3o, o grupo percorreu as atuais instala\u00e7\u00f5es do terminal de passageiros e o ministro conferiu \u201cin loco\u201d as propostas apresentadas.<\/p>\n<p>Fonte: Guia Mar\u00edtimo<\/p>\n","protected":false},"excerpt":{"rendered":"<p>Segundo ele, est\u00e3o sendo discutidos assuntos sobre concess\u00e3o dos canais de acesso aos portos para garantir a dragagem O ministro-chefe da SEP\/PR (Secretaria de Portos&#8230;<\/p>\n","protected":false},"author":1182,"featured_media":0,"comment_status":"closed","ping_status":"closed","sticky":false,"template":"","format":"standard","meta":{"footnotes":""},"categories":[6],"tags":[],"class_list":["post-12092","post","type-post","status-publish","format-standard","hentry","category-noticias"],"_links":{"self":[{"href":"https:\/\/www.sincomam.org.br\/index.php\/wp-json\/wp\/v2\/posts\/12092","targetHints":{"allow":["GET"]}}],"collection":[{"href":"https:\/\/www.sincomam.org.br\/index.php\/wp-json\/wp\/v2\/posts"}],"about":[{"href":"https:\/\/www.sincomam.org.br\/index.php\/wp-json\/wp\/v2\/types\/post"}],"author":[{"embeddable":true,"href":"https:\/\/www.sincomam.org.br\/index.php\/wp-json\/wp\/v2\/users\/1182"}],"replies":[{"embeddable":true,"href":"https:\/\/www.sincomam.org.br\/index.php\/wp-json\/wp\/v2\/comments?post=12092"}],"version-history":[{"count":1,"href":"https:\/\/www.sincomam.org.br\/index.php\/wp-json\/wp\/v2\/posts\/12092\/revisions"}],"predecessor-version":[{"id":12093,"href":"https:\/\/www.sincomam.org.br\/index.php\/wp-json\/wp\/v2\/posts\/12092\/revisions\/12093"}],"wp:attachment":[{"href":"https:\/\/www.sincomam.org.br\/index.php\/wp-json\/wp\/v2\/media?parent=12092"}],"wp:term":[{"taxonomy":"category","embeddable":true,"href":"https:\/\/www.sincomam.org.br\/index.php\/wp-json\/wp\/v2\/categories?post=12092"},{"taxonomy":"post_tag","embeddable":true,"href":"https:\/\/www.sincomam.org.br\/index.php\/wp-json\/wp\/v2\/tags?post=12092"}],"curies":[{"name":"wp","href":"https:\/\/api.w.org\/{rel}","templated":true}]}}