{"id":12082,"date":"2015-05-06T10:55:18","date_gmt":"2015-05-06T13:55:18","guid":{"rendered":"http:\/\/www.sincomam.org.br\/?p=12082"},"modified":"2015-05-06T10:55:33","modified_gmt":"2015-05-06T13:55:33","slug":"proximo-edital-pode-trazer-mudancas-na-politica-de-conteudo-local-da-petrobras","status":"publish","type":"post","link":"https:\/\/www.sincomam.org.br\/index.php\/proximo-edital-pode-trazer-mudancas-na-politica-de-conteudo-local-da-petrobras\/","title":{"rendered":"Pr\u00f3ximo edital pode trazer mudan\u00e7as na pol\u00edtica de conte\u00fado local da Petrobras"},"content":{"rendered":"<p>A diretora da Ag\u00eancia Nacional de Petr\u00f3leo, G\u00e1s Natural e Biocombust\u00edveis (ANP), Magda Chambriard, afirmou que ao menos que alguma parte das mudan\u00e7as na pol\u00edtica de conte\u00fado local pode ser adotada j\u00e1 na 13\u00aa rodada de concess\u00e3o de petr\u00f3leo e g\u00e1s e deve fazer parte do pr\u00e9-edital, previsto para sair no in\u00edcio de junho.<\/p>\n<p>&#8220;Vamos refor\u00e7ar a pol\u00edtica de conte\u00fado local, simplificar alguns itens&#8221;, disse a diretora nesta ter\u00e7a-feira, 5, a jornalistas, que participa de uma s\u00e9rie de eventos na Offshore Technology Conference (OTC), maior feita de petr\u00f3leo do mundo, em Houston.<\/p>\n<p>Quando questionada se as mudan\u00e7as j\u00e1 viriam a tempo da 13\u00aa rodada, ela disse que &#8220;pelo menos alguma parte sim&#8221;. &#8220;J\u00e1 na 13\u00aa rodada, se tudo ocorrer como estamos planejando, o pr\u00e9-edital j\u00e1 vai contar com algum tipo de aprimoramento da quest\u00e3o do conte\u00fado local.&#8221;<\/p>\n<p>Magda afirmou que a presidente Dilma Rousseff tem repetidas vezes defendido a pol\u00edtica de conte\u00fado local, que foi respons\u00e1vel por avan\u00e7os no setor de petr\u00f3leo brasileiro. &#8220;Em alguns segmentos, o Brasil j\u00e1 tem uma ind\u00fastria de classe mundial, que tem competitividade em outros mercados e que efetivamente exporta para outros mercados&#8221;, disse ela, ressaltando que em outros, como na ind\u00fastria naval, a situa\u00e7\u00e3o \u00e9 um pouco diferente e o segmento ainda carece de aperfei\u00e7oamento.<\/p>\n<p>O ministro das Minas e Energia, Eduardo Braga, disse nessa segunda, 4, que pelo pouco prazo at\u00e9 o leil\u00e3o da 13\u00aa rodada, previsto para outubro, n\u00e3o haveria tempo suficiente para incluir as mudan\u00e7as na pol\u00edtica de conte\u00fado local no edital. Nesta ter\u00e7a 5, o ministro e Magda participam de uma mesa redonda na OTC para falar das perspectivas para o setor de petr\u00f3leo e g\u00e1s no Brasil, a partir das 18h30.<\/p>\n<p><strong>Pr\u00e9-edital petr\u00f3leo e g\u00e1s<\/strong><\/p>\n<p>Magda disse tamb\u00e9m que o pr\u00e9-edital para a 13\u00aa rodada de concess\u00f5es de petr\u00f3leo e g\u00e1s deve ser divulgado no in\u00edcio de junho e a expectativa \u00e9 que o leil\u00e3o ocorra no in\u00edcio de outubro. A diretora da ANP come\u00e7ou a apresenta o leil\u00e3o a investidores em Houston nessa segunda, 4, e planeja roadshows a partir do final do m\u00eas em Londres, Turquia e na Mal\u00e1sia.<\/p>\n<p>A data exata prevista para a rodada vai ser anunciada por Magda nesta quarta-feira, 6, em uma apresenta\u00e7\u00e3o no evento da OTC. Ela tamb\u00e9m deve revelar outros detalhes t\u00e9cnicos do edital e das \u00e1reas que v\u00e3o a leil\u00e3o. &#8220;Vamos considerar dez bacias sedimentares brasileiras. Teremos oportunidades para pequenas e m\u00e9dias empresas em bacias maduras. Teremos oportunidades em terra em bacias de novas fronteiras para g\u00e1s natural. Teremos oportunidades no mar, principalmente em \u00e1guas profundas, desde o Nordeste at\u00e9 o Sul&#8221;, afirmou.<\/p>\n<p>Questionada por jornalistas se a Petrobras ficaria fora desse pr\u00f3ximo leil\u00e3o por causa de sua atual situa\u00e7\u00e3o financeira, Magda disse que esta \u00e9 uma decis\u00e3o da empresa, mas mostrou um certo otimismo com uma poss\u00edvel participa\u00e7\u00e3o. &#8220;Eu estou na ANP h\u00e1 13 anos e nunca vi a Petrobras n\u00e3o participar de uma rodada.&#8221;<\/p>\n<p>Entre as \u00e1reas que ser\u00e3o colocadas, a diretora da ANP citou a bacia de Sergipe\/Alagoas, a do Esp\u00edrito Santo e a de Pelotas, no extremo sul do Rio Grande do Sul. Em terra, Magda mencionou a bacia do Parna\u00edba (MA) e a do Amazonas, de g\u00e1s.<\/p>\n<p><strong>Leil\u00e3o pr\u00e9-sal<\/strong><\/p>\n<p>O pr\u00f3ximo leil\u00e3o de \u00e1rea de explora\u00e7\u00e3o de petr\u00f3leo sob o regime de partilha de produ\u00e7\u00e3o, conhecido como leil\u00e3o do pr\u00e9-sal, previsto para ocorrer em 2016, vai depender do pre\u00e7o da commodity, afirmou Magda. Se o pre\u00e7o continuar no patamar atual, o leil\u00e3o deve ser adiado para 2017.<\/p>\n<p>&#8220;Planejamos fazer a rodada no m\u00e1ximo em 2017. Vamos analisar em fun\u00e7\u00e3o da evolu\u00e7\u00e3o do pre\u00e7o do petr\u00f3leo. O cen\u00e1rio da ind\u00fastria do petr\u00f3leo mudou completamente&#8221;, disse a diretora a jornalistas. &#8220;As empresas de petr\u00f3leo que recebemos na ANP e aqui em Houston nos falam a mesma coisa, que est\u00e3o extremamente conservadores.&#8221;<\/p>\n<p>Questionada a que n\u00edvel de pre\u00e7o do petr\u00f3leo o leil\u00e3o seria vi\u00e1vel, a diretora da ANP afirmou que o setor tem previsto que o barril possa chegar a algo entre US$ 70 a US$ 80 no final de 2016. &#8220;\u00c9 a expectativa mais comum que ouvimos. Se estiver em US$ 80, j\u00e1 seria um cen\u00e1rio positivo no ano que vem&#8221;, disse ela a jornalista.<\/p>\n<p>O ministro das Minas e Energia, Eduardo Braga, tamb\u00e9m afirmou ontem que h\u00e1 a possibilidade de adiamento do leil\u00e3o do pr\u00e9-sal. &#8220;Pode ser que sim. Mas basicamente em fun\u00e7\u00e3o da volatilidade. N\u00e3o tem como se fazer uma previsibilidade t\u00e3o grande numa dist\u00e2ncia t\u00e3o grande com um mercado t\u00e3o vol\u00e1til como est\u00e1.<\/p>\n<p><strong>Participa\u00e7\u00e3o<\/strong><\/p>\n<p>Questionada sobre mudan\u00e7as na lei que obriga a Petrobras a participar de 30% nos leil\u00f5es do pr\u00e9-sal, Magda Chambriard disse que o ponto \u00e9 uma pol\u00edtica de governo, mas defendeu que, futuramente, a empresa possa ter o direito de se recusar a participar de alguns projetos, como tamb\u00e9m argumentou o ministro de Minas e Energia, Eduardo Braga, nessa segunda, 4, durante o evento.<\/p>\n<p>&#8220;Nesse momento do pr\u00e9-sal ainda h\u00e1 muita coisa grande para licitar. Vai chegar um momento em que \u00e9 poss\u00edvel um questionamento&#8221;, disse a diretora da ANP, destacando que algumas coisas nos leil\u00f5es de porte podem n\u00e3o ser compat\u00edveis com as expectativas da Petrobras. &#8220;Nesse momento, no m\u00ednimo, teria que perguntar para a Petrobras se ela tem interesse ou n\u00e3o. Para 2016 ou 2017 talvez n\u00e3o seja o caso.&#8221;<\/p>\n<p>Fonte: Di\u00e1rio de Pernambuco (PE)\/Ag\u00eancia Estado<\/p>\n","protected":false},"excerpt":{"rendered":"<p>A diretora da Ag\u00eancia Nacional de Petr\u00f3leo, G\u00e1s Natural e Biocombust\u00edveis (ANP), Magda Chambriard, afirmou que ao menos que alguma parte das mudan\u00e7as na pol\u00edtica&#8230;<\/p>\n","protected":false},"author":1182,"featured_media":0,"comment_status":"closed","ping_status":"closed","sticky":false,"template":"","format":"standard","meta":{"footnotes":""},"categories":[6],"tags":[],"class_list":["post-12082","post","type-post","status-publish","format-standard","hentry","category-noticias"],"_links":{"self":[{"href":"https:\/\/www.sincomam.org.br\/index.php\/wp-json\/wp\/v2\/posts\/12082","targetHints":{"allow":["GET"]}}],"collection":[{"href":"https:\/\/www.sincomam.org.br\/index.php\/wp-json\/wp\/v2\/posts"}],"about":[{"href":"https:\/\/www.sincomam.org.br\/index.php\/wp-json\/wp\/v2\/types\/post"}],"author":[{"embeddable":true,"href":"https:\/\/www.sincomam.org.br\/index.php\/wp-json\/wp\/v2\/users\/1182"}],"replies":[{"embeddable":true,"href":"https:\/\/www.sincomam.org.br\/index.php\/wp-json\/wp\/v2\/comments?post=12082"}],"version-history":[{"count":1,"href":"https:\/\/www.sincomam.org.br\/index.php\/wp-json\/wp\/v2\/posts\/12082\/revisions"}],"predecessor-version":[{"id":12083,"href":"https:\/\/www.sincomam.org.br\/index.php\/wp-json\/wp\/v2\/posts\/12082\/revisions\/12083"}],"wp:attachment":[{"href":"https:\/\/www.sincomam.org.br\/index.php\/wp-json\/wp\/v2\/media?parent=12082"}],"wp:term":[{"taxonomy":"category","embeddable":true,"href":"https:\/\/www.sincomam.org.br\/index.php\/wp-json\/wp\/v2\/categories?post=12082"},{"taxonomy":"post_tag","embeddable":true,"href":"https:\/\/www.sincomam.org.br\/index.php\/wp-json\/wp\/v2\/tags?post=12082"}],"curies":[{"name":"wp","href":"https:\/\/api.w.org\/{rel}","templated":true}]}}