{"id":12064,"date":"2015-05-05T15:55:47","date_gmt":"2015-05-05T18:55:47","guid":{"rendered":"http:\/\/www.sincomam.org.br\/?p=12064"},"modified":"2015-05-05T15:55:47","modified_gmt":"2015-05-05T18:55:47","slug":"marinha-italiana-resgata-quase-6-mil-imigrantes-no-mar-mediterraneo","status":"publish","type":"post","link":"https:\/\/www.sincomam.org.br\/index.php\/marinha-italiana-resgata-quase-6-mil-imigrantes-no-mar-mediterraneo\/","title":{"rendered":"Marinha italiana resgata quase 6 mil imigrantes no mar Mediterr\u00e2neo"},"content":{"rendered":"<p><strong><em>V\u00edtimas de traficantes de pessoas foram retiradas de embarca\u00e7\u00f5es que sa\u00edam da costa da L\u00edbia. Criminosos usavam botes de borracha motorizados e barcos de pesca<\/em><\/strong><\/p>\n<p>Barcos resgataram 3.690 imigrantes das m\u00e3os de traficantes de pessoas no mar Mediterr\u00e2neo, neste s\u00e1bado, disse a Guarda Costeira da It\u00e1lia. No domingo, mais 2.152 imigrantes foram resgatados, elevando o total do final de semana a mais de 5.800.<\/p>\n<p>A ag\u00eancia declarou que 17 opera\u00e7\u00f5es de resgate diferentes foram realizadas no s\u00e1bado depois que criminosos aproveitaram o mar calmo e o clima ameno para transportar imigrantes da \u00c1frica em botes de borracha motorizados e barcos de pesca.<\/p>\n<p>Alguns dos migrantes est\u00e3o sendo trazidos neste domingo a portos na Sic\u00edlia enquanto outros eram esperados na Cal\u00e1bria, ao sul da It\u00e1lia, na segunda-feira. Isso porque abrigos tempor\u00e1rios para os resgatados na Sic\u00edlia j\u00e1 atingiram capacidade total.<\/p>\n<p>O fluxo de imigrantes segue forte este ano depois que 170 mil pessoas j\u00e1 foram resgatadas pela It\u00e1lia em 2014, um crescimento de 277% ante 2013. A It\u00e1lia tem pressionado a Uni\u00e3o Europeia (UE) para fazer mais para ajudar a salvar os imigrantes, em especial porque muitos dos que pedem asilo est\u00e3o tentando encontrar parentes no norte da Europa.<\/p>\n<p>Cerca de 800 imigrantes naufragaram m\u00eas passado num barco que saia da L\u00edbia com centenas deles presos num por\u00e3o. Depois disso, autoridades da UE se reuniram e decidiram refor\u00e7ar miss\u00f5es de resgate e patrulhamento.<\/p>\n<p>Fonte: Veja \/ Com Estad\u00e3o Conte\u00fado<\/p>\n","protected":false},"excerpt":{"rendered":"<p>V\u00edtimas de traficantes de pessoas foram retiradas de embarca\u00e7\u00f5es que sa\u00edam da costa da L\u00edbia. Criminosos usavam botes de borracha motorizados e barcos de pesca&#8230;<\/p>\n","protected":false},"author":1182,"featured_media":12065,"comment_status":"closed","ping_status":"closed","sticky":false,"template":"","format":"standard","meta":{"footnotes":""},"categories":[6],"tags":[],"class_list":["post-12064","post","type-post","status-publish","format-standard","has-post-thumbnail","hentry","category-noticias"],"_links":{"self":[{"href":"https:\/\/www.sincomam.org.br\/index.php\/wp-json\/wp\/v2\/posts\/12064","targetHints":{"allow":["GET"]}}],"collection":[{"href":"https:\/\/www.sincomam.org.br\/index.php\/wp-json\/wp\/v2\/posts"}],"about":[{"href":"https:\/\/www.sincomam.org.br\/index.php\/wp-json\/wp\/v2\/types\/post"}],"author":[{"embeddable":true,"href":"https:\/\/www.sincomam.org.br\/index.php\/wp-json\/wp\/v2\/users\/1182"}],"replies":[{"embeddable":true,"href":"https:\/\/www.sincomam.org.br\/index.php\/wp-json\/wp\/v2\/comments?post=12064"}],"version-history":[{"count":1,"href":"https:\/\/www.sincomam.org.br\/index.php\/wp-json\/wp\/v2\/posts\/12064\/revisions"}],"predecessor-version":[{"id":12066,"href":"https:\/\/www.sincomam.org.br\/index.php\/wp-json\/wp\/v2\/posts\/12064\/revisions\/12066"}],"wp:featuredmedia":[{"embeddable":true,"href":"https:\/\/www.sincomam.org.br\/index.php\/wp-json\/wp\/v2\/media\/12065"}],"wp:attachment":[{"href":"https:\/\/www.sincomam.org.br\/index.php\/wp-json\/wp\/v2\/media?parent=12064"}],"wp:term":[{"taxonomy":"category","embeddable":true,"href":"https:\/\/www.sincomam.org.br\/index.php\/wp-json\/wp\/v2\/categories?post=12064"},{"taxonomy":"post_tag","embeddable":true,"href":"https:\/\/www.sincomam.org.br\/index.php\/wp-json\/wp\/v2\/tags?post=12064"}],"curies":[{"name":"wp","href":"https:\/\/api.w.org\/{rel}","templated":true}]}}