{"id":12049,"date":"2015-05-04T09:28:36","date_gmt":"2015-05-04T12:28:36","guid":{"rendered":"http:\/\/www.sincomam.org.br\/?p=12049"},"modified":"2015-05-04T09:28:36","modified_gmt":"2015-05-04T12:28:36","slug":"cancelamento-de-refinaria-frustra-expectativa-no-eldorado-do-ceara","status":"publish","type":"post","link":"https:\/\/www.sincomam.org.br\/index.php\/cancelamento-de-refinaria-frustra-expectativa-no-eldorado-do-ceara\/","title":{"rendered":"Cancelamento de refinaria frustra expectativa no \u2018Eldorado\u2019 do Cear\u00e1"},"content":{"rendered":"<p><strong><em>Sem Premium II, pre\u00e7o de im\u00f3veis despenca e com\u00e9rcio come\u00e7a a demitir<\/em><\/strong><\/p>\n<p>O cancelamento da Refinaria Premium II pela Petrobras frustrou as expectativas de moradores da regi\u00e3o e empres\u00e1rios locais. O projeto, que teve sua pedra fundamental lan\u00e7ada pelo ex-presidente Luiz In\u00e1cio Lula da Silva, em 2010, n\u00e3o sair\u00e1 mais do papel diante do cen\u00e1rio de queda do pre\u00e7o de petr\u00f3leo e de impacto da corrup\u00e7\u00e3o, investigada na Opera\u00e7\u00e3o Lava-Jato, nos cofres da estatal. O cen\u00e1rio desfavor\u00e1vel levou a Petrobras a rever suas proje\u00e7\u00f5es de investimento.<\/p>\n<p>A Premium II seria instalada no Complexo Industrial e Portu\u00e1rio do Pec\u00e9m. O local era considerado uma esp\u00e9cie de novo Eldorado e vinha atraindo trabalhadores de todas as regi\u00f5es do pa\u00eds. Com o an\u00fancio do projeto, o fluxo de pessoas em busca de oportunidades cresceu significativamente, segundo o gerente da unidade do Sistema Nacional do Emprego (Sine\/IDT) no Pec\u00e9m, Francisco Carlos Pereira Costa. De acordo com ele, a previs\u00e3o era que fossem criadas 90 mil vagas, o que gerou na unidade uma m\u00e9dia de 300 atendimentos di\u00e1rios.<\/p>\n<p>Ele conta que a frustra\u00e7\u00e3o com o cancelamento do empreendimento da Petrobras na regi\u00e3o atingiu tanto os trabalhadores quanto os investidores:<\/p>\n<p>\u2014 Toda esta m\u00e3o de obra que foi atra\u00edda para c\u00e1 investiu em qualifica\u00e7\u00e3o, que n\u00e3o \u00e9 barata, principalmente na \u00e1rea de petr\u00f3leo e g\u00e1s. J\u00e1 os investidores, muitos constru\u00edram pousadas, restaurantes, entre outros neg\u00f3cios.<\/p>\n<p><strong>Queda no faturamento<\/strong><\/p>\n<p>As expectativas frustradas s\u00e3o compartilhadas tamb\u00e9m por donos de im\u00f3veis, hot\u00e9is, restaurantes e comerciantes, que investiram e ampliaram seus estabelecimentos com a perspectiva de crescimento superior a 50% este ano. A realidade, por\u00e9m, foi marcada por demiss\u00f5es e queda no faturamento.<\/p>\n<p>O setor imobili\u00e1rio \u00e9 outro que teve que repensar suas a\u00e7\u00f5es para 2015. O gestor comercial da empresa FortCasa Loteamentos, Mauro Martins, de 38 anos, conta que deveriam ser lan\u00e7ados 2 mil lotes no Pec\u00e9m, entretanto somente 500 unidades ser\u00e3o comercializadas.<\/p>\n<p>\u2014 Temos uns quatro loteamentos grandes na regi\u00e3o, um deles \u00e9 o Para\u00edso do Pec\u00e9m, que n\u00f3s tivemos que adiar o lan\u00e7amento por conta do cancelamento da Refinaria, o que reduz o nosso potencial de p\u00fablico \u2014 disse Martins.<\/p>\n<p><strong>Os cancelamentos foram feitos em janeiro \u00faltimo, sem aviso pr\u00e9vio.<\/strong><\/p>\n<p>Sobre a quest\u00e3o, o governo do estado afirma estar conversando com o governo federal, por meio da Petrobras, e ,ao mesmo tempo, tamb\u00e9m tem procurado investidores estrangeiros para a refinaria.<\/p>\n<p>Os principais gastos com a refinaria foram ligados \u00e0 infraestrutura. A \u00e1rea foi adquirida pelo governo do Estado, na gest\u00e3o do ex-governador Cid Gomes, por R$ 126 milh\u00f5es. Os terrenos ainda n\u00e3o foram devolvidos pela Petrobras, que, segundo fontes do governo, j\u00e1 sinalizou que iria devolver.<\/p>\n<p>O projeto j\u00e1 teria custado R$ 657 milh\u00f5es aos cofres do estado do Cear\u00e1, em obras de infraestrutura para a instala\u00e7\u00e3o da refinaria, no per\u00edodo de 2009 a 2014.<\/p>\n<p>Procurada, a Petrobras disse que n\u00e3o iria se manifestar.<\/p>\n<p>Na semana passada, o presidente da estatal, Aldemir Bendine, comentou o assunto durante audi\u00eancia na Comiss\u00e3o de Assuntos Econ\u00f4micos do Senado. Segundo ele, ao menos nos pr\u00f3ximos cinco anos a Petrobras n\u00e3o ter\u00e1 capacidade de fazer uma refinaria no Cear\u00e1 e outra no Maranh\u00e3o, local onde era prevista a instala\u00e7\u00e3o da Refinaria Premium I.<\/p>\n<p>Segundo Bendine, uma das alternativas para compensar o estado do Cear\u00e1 seria a transfer\u00eancia do parque de tancagem de combust\u00edveis de Mucuripe, em Fortaleza, para o Pec\u00e9m. Seria uma alternativa para aumentar a arrecada\u00e7\u00e3o e compensar o estado pelas perdas com o cancelamento do projeto.<\/p>\n<p>Fonte: Thays Lavor \/ Especial para o Globo<\/p>\n","protected":false},"excerpt":{"rendered":"<p>Sem Premium II, pre\u00e7o de im\u00f3veis despenca e com\u00e9rcio come\u00e7a a demitir O cancelamento da Refinaria Premium II pela Petrobras frustrou as expectativas de moradores&#8230;<\/p>\n","protected":false},"author":1182,"featured_media":6694,"comment_status":"closed","ping_status":"closed","sticky":false,"template":"","format":"standard","meta":{"footnotes":""},"categories":[6],"tags":[],"class_list":["post-12049","post","type-post","status-publish","format-standard","has-post-thumbnail","hentry","category-noticias"],"_links":{"self":[{"href":"https:\/\/www.sincomam.org.br\/index.php\/wp-json\/wp\/v2\/posts\/12049","targetHints":{"allow":["GET"]}}],"collection":[{"href":"https:\/\/www.sincomam.org.br\/index.php\/wp-json\/wp\/v2\/posts"}],"about":[{"href":"https:\/\/www.sincomam.org.br\/index.php\/wp-json\/wp\/v2\/types\/post"}],"author":[{"embeddable":true,"href":"https:\/\/www.sincomam.org.br\/index.php\/wp-json\/wp\/v2\/users\/1182"}],"replies":[{"embeddable":true,"href":"https:\/\/www.sincomam.org.br\/index.php\/wp-json\/wp\/v2\/comments?post=12049"}],"version-history":[{"count":1,"href":"https:\/\/www.sincomam.org.br\/index.php\/wp-json\/wp\/v2\/posts\/12049\/revisions"}],"predecessor-version":[{"id":12050,"href":"https:\/\/www.sincomam.org.br\/index.php\/wp-json\/wp\/v2\/posts\/12049\/revisions\/12050"}],"wp:featuredmedia":[{"embeddable":true,"href":"https:\/\/www.sincomam.org.br\/index.php\/wp-json\/wp\/v2\/media\/6694"}],"wp:attachment":[{"href":"https:\/\/www.sincomam.org.br\/index.php\/wp-json\/wp\/v2\/media?parent=12049"}],"wp:term":[{"taxonomy":"category","embeddable":true,"href":"https:\/\/www.sincomam.org.br\/index.php\/wp-json\/wp\/v2\/categories?post=12049"},{"taxonomy":"post_tag","embeddable":true,"href":"https:\/\/www.sincomam.org.br\/index.php\/wp-json\/wp\/v2\/tags?post=12049"}],"curies":[{"name":"wp","href":"https:\/\/api.w.org\/{rel}","templated":true}]}}