{"id":12045,"date":"2015-05-04T09:21:06","date_gmt":"2015-05-04T12:21:06","guid":{"rendered":"http:\/\/www.sincomam.org.br\/?p=12045"},"modified":"2015-05-04T09:21:06","modified_gmt":"2015-05-04T12:21:06","slug":"porto-de-cabedelo-discute-importacao-de-materia-prima","status":"publish","type":"post","link":"https:\/\/www.sincomam.org.br\/index.php\/porto-de-cabedelo-discute-importacao-de-materia-prima\/","title":{"rendered":"Porto de Cabedelo discute importa\u00e7\u00e3o de mat\u00e9ria-prima"},"content":{"rendered":"<p>A diretoria da Companhia Docas da Para\u00edba recebeu, na \u00faltima quarta-feira (29), executivos do grupo italiano Carbone &amp; Vicenzi. O objetivo da reuni\u00e3o foi apresentar o Porto de Cabedelo e discutir a poss\u00edvel opera\u00e7\u00e3o de importa\u00e7\u00e3o de mais de 200 containers por m\u00eas em raz\u00e3o da segunda fase de instala\u00e7\u00e3o do Polo Automotivo Jeep, em Goiana (PE).<\/p>\n<p>Os investimentos da Fiat Chrysler Automobiles (FCA) na divisa entre Para\u00edba e Pernambuco t\u00eam demandado um grande volume de mat\u00e9rias primas importadas da Europa. Em busca de maior agilidade nas opera\u00e7\u00f5es e redu\u00e7\u00e3o de custos, empresas est\u00e3o procurando a Para\u00edba para realizarem os investimentos.<\/p>\n<p>A vice-presidente da Companhia Docas da Para\u00edba, Gilmara Tem\u00f3teo, apontou que a localiza\u00e7\u00e3o privilegiada do Porto de Cabedelo e a proximidade com a f\u00e1brica da Jeep s\u00e3o fatores que possibilitar\u00e3o o aumento da movimenta\u00e7\u00e3o de cargas no porto paraibano em decorr\u00eancia da atividade do novo polo automotivo.<\/p>\n<p>\u201cAl\u00e9m da localiza\u00e7\u00e3o estrat\u00e9gica, o Porto de Cabedelo tem uma opera\u00e7\u00e3o \u00e1gil, com custos competitivos e sem gargalo log\u00edstico, pois temos uma boa malha rodovi\u00e1ria para as cargas seguirem do Porto at\u00e9 a f\u00e1brica da Jeep com agilidade. Cabedelo tem se tornado cada vez mais uma op\u00e7\u00e3o vi\u00e1vel\u201d, afirma Gilmara Tem\u00f3teo.<\/p>\n<p>Fonte: Secom\/PB<\/p>\n","protected":false},"excerpt":{"rendered":"<p>A diretoria da Companhia Docas da Para\u00edba recebeu, na \u00faltima quarta-feira (29), executivos do grupo italiano Carbone &amp; Vicenzi. O objetivo da reuni\u00e3o foi apresentar&#8230;<\/p>\n","protected":false},"author":1182,"featured_media":10000,"comment_status":"closed","ping_status":"closed","sticky":false,"template":"","format":"standard","meta":{"footnotes":""},"categories":[6],"tags":[],"class_list":["post-12045","post","type-post","status-publish","format-standard","has-post-thumbnail","hentry","category-noticias"],"_links":{"self":[{"href":"https:\/\/www.sincomam.org.br\/index.php\/wp-json\/wp\/v2\/posts\/12045","targetHints":{"allow":["GET"]}}],"collection":[{"href":"https:\/\/www.sincomam.org.br\/index.php\/wp-json\/wp\/v2\/posts"}],"about":[{"href":"https:\/\/www.sincomam.org.br\/index.php\/wp-json\/wp\/v2\/types\/post"}],"author":[{"embeddable":true,"href":"https:\/\/www.sincomam.org.br\/index.php\/wp-json\/wp\/v2\/users\/1182"}],"replies":[{"embeddable":true,"href":"https:\/\/www.sincomam.org.br\/index.php\/wp-json\/wp\/v2\/comments?post=12045"}],"version-history":[{"count":1,"href":"https:\/\/www.sincomam.org.br\/index.php\/wp-json\/wp\/v2\/posts\/12045\/revisions"}],"predecessor-version":[{"id":12046,"href":"https:\/\/www.sincomam.org.br\/index.php\/wp-json\/wp\/v2\/posts\/12045\/revisions\/12046"}],"wp:featuredmedia":[{"embeddable":true,"href":"https:\/\/www.sincomam.org.br\/index.php\/wp-json\/wp\/v2\/media\/10000"}],"wp:attachment":[{"href":"https:\/\/www.sincomam.org.br\/index.php\/wp-json\/wp\/v2\/media?parent=12045"}],"wp:term":[{"taxonomy":"category","embeddable":true,"href":"https:\/\/www.sincomam.org.br\/index.php\/wp-json\/wp\/v2\/categories?post=12045"},{"taxonomy":"post_tag","embeddable":true,"href":"https:\/\/www.sincomam.org.br\/index.php\/wp-json\/wp\/v2\/tags?post=12045"}],"curies":[{"name":"wp","href":"https:\/\/api.w.org\/{rel}","templated":true}]}}