{"id":12038,"date":"2015-05-04T09:11:48","date_gmt":"2015-05-04T12:11:48","guid":{"rendered":"http:\/\/www.sincomam.org.br\/?p=12038"},"modified":"2015-05-04T09:11:48","modified_gmt":"2015-05-04T12:11:48","slug":"prumo-faz-acordo-com-bolognesi-para-projetos-de-gas-no-porto-do-acu","status":"publish","type":"post","link":"https:\/\/www.sincomam.org.br\/index.php\/prumo-faz-acordo-com-bolognesi-para-projetos-de-gas-no-porto-do-acu\/","title":{"rendered":"Prumo faz acordo com Bolognesi para projetos de g\u00e1s no porto do A\u00e7u"},"content":{"rendered":"<p>A Prumo Log\u00edstica disse que assinou acordo com a Bolognesi Energia para avaliar oportunidades de investimento em projetos de g\u00e1s natural no Porto do A\u00e7u, incluindo uma termel\u00e9trica, segundo fato relevante divulgado nesta quinta-feira.<\/p>\n<p>Os projetos seriam desenvolvidos em um &#8220;hub&#8221; de g\u00e1s no porto, que serviria para importa\u00e7\u00e3o de GNL e como apoio \u00e0 produ\u00e7\u00e3o dom\u00e9stica nas Bacias de Santos e Campos.<\/p>\n<p>&#8220;Ele se apresenta aos produtores como uma solu\u00e7\u00e3o comercial atraente para a monetiza\u00e7\u00e3o do g\u00e1s associado produzido, al\u00e9m de oferecer infraestrutura competitiva em larga escala para o consumo de g\u00e1s industrial&#8221;, disse a Prumo.<\/p>\n<p>O hub tamb\u00e9m funcionaria como um mercado interligado para a comercializa\u00e7\u00e3o e consumo de produtos de g\u00e1s natural, GNL e g\u00e1s. Projetos identificados para o hub incluem termel\u00e9trica a g\u00e1s, terminal de regaseifica\u00e7\u00e3o de GNL, processamento de g\u00e1s natural, terminal GLP, dutos submarinos e terrestres para transporte de g\u00e1s, armazenagem de GNL e outros servi\u00e7os associados ao g\u00e1s.<\/p>\n<p>Com a Bolognesi, o principal projeto consiste na constru\u00e7\u00e3o de uma termel\u00e9trica a g\u00e1s e na instala\u00e7\u00e3o de uma unidade regaseificadora flutuante de GNL.<\/p>\n<p>A Bolognesi alugar\u00e1 \u00e1rea de at\u00e9 400 mil metros quadrados no Porto do A\u00e7u por 25 anos com op\u00e7\u00e3o de renova\u00e7\u00e3o por mais 25 anos.<\/p>\n<p>A Bolognesi ser\u00e1 respons\u00e1vel pela constru\u00e7\u00e3o da totalidade da infraestrutura necess\u00e1ria para a implanta\u00e7\u00e3o da usina t\u00e9rmica a g\u00e1s, incluindo a linha de transmiss\u00e3o, subesta\u00e7\u00e3o e o terminal GNL, disse a Prumo.<\/p>\n<p>Os termos do acordo ainda est\u00e3o sujeitos a negocia\u00e7\u00e3o, disse a empresa.<\/p>\n<p>Fonte:Reuters\/Priscila Jord\u00e3o<\/p>\n","protected":false},"excerpt":{"rendered":"<p>A Prumo Log\u00edstica disse que assinou acordo com a Bolognesi Energia para avaliar oportunidades de investimento em projetos de g\u00e1s natural no Porto do A\u00e7u,&#8230;<\/p>\n","protected":false},"author":1182,"featured_media":4514,"comment_status":"closed","ping_status":"closed","sticky":false,"template":"","format":"standard","meta":{"footnotes":""},"categories":[6],"tags":[],"class_list":["post-12038","post","type-post","status-publish","format-standard","has-post-thumbnail","hentry","category-noticias"],"_links":{"self":[{"href":"https:\/\/www.sincomam.org.br\/index.php\/wp-json\/wp\/v2\/posts\/12038","targetHints":{"allow":["GET"]}}],"collection":[{"href":"https:\/\/www.sincomam.org.br\/index.php\/wp-json\/wp\/v2\/posts"}],"about":[{"href":"https:\/\/www.sincomam.org.br\/index.php\/wp-json\/wp\/v2\/types\/post"}],"author":[{"embeddable":true,"href":"https:\/\/www.sincomam.org.br\/index.php\/wp-json\/wp\/v2\/users\/1182"}],"replies":[{"embeddable":true,"href":"https:\/\/www.sincomam.org.br\/index.php\/wp-json\/wp\/v2\/comments?post=12038"}],"version-history":[{"count":1,"href":"https:\/\/www.sincomam.org.br\/index.php\/wp-json\/wp\/v2\/posts\/12038\/revisions"}],"predecessor-version":[{"id":12039,"href":"https:\/\/www.sincomam.org.br\/index.php\/wp-json\/wp\/v2\/posts\/12038\/revisions\/12039"}],"wp:featuredmedia":[{"embeddable":true,"href":"https:\/\/www.sincomam.org.br\/index.php\/wp-json\/wp\/v2\/media\/4514"}],"wp:attachment":[{"href":"https:\/\/www.sincomam.org.br\/index.php\/wp-json\/wp\/v2\/media?parent=12038"}],"wp:term":[{"taxonomy":"category","embeddable":true,"href":"https:\/\/www.sincomam.org.br\/index.php\/wp-json\/wp\/v2\/categories?post=12038"},{"taxonomy":"post_tag","embeddable":true,"href":"https:\/\/www.sincomam.org.br\/index.php\/wp-json\/wp\/v2\/tags?post=12038"}],"curies":[{"name":"wp","href":"https:\/\/api.w.org\/{rel}","templated":true}]}}