{"id":12034,"date":"2015-05-04T09:07:32","date_gmt":"2015-05-04T12:07:32","guid":{"rendered":"http:\/\/www.sincomam.org.br\/?p=12034"},"modified":"2015-05-04T09:07:32","modified_gmt":"2015-05-04T12:07:32","slug":"ministro-dos-portos-visita-o-terminal-de-passageiros-no-porto-do-rio-de-janeiro","status":"publish","type":"post","link":"https:\/\/www.sincomam.org.br\/index.php\/ministro-dos-portos-visita-o-terminal-de-passageiros-no-porto-do-rio-de-janeiro\/","title":{"rendered":"Ministro dos Portos visita o terminal de passageiros no porto do Rio de Janeiro"},"content":{"rendered":"<p>Em visita ao Rio de Janeiro na \u00faltima quarta-feira (29), o ministro-chefe da Secretaria de Portos da Presid\u00eancia da Rep\u00fablica (SEP\/PR), Edinho Ara\u00fajo, participou da abertura da 5\u00aa Confer\u00eancia de Log\u00edstica Brasil-Alemanha na Firjan, com aproximadamente 200 empres\u00e1rios, autoridades e profissionais do setor de log\u00edstica, transporte e infraestrutura.<\/p>\n<p>Em seu discurso, o ministro ressaltou que, mesmo com os desafios atuais, continua confiando na for\u00e7a do pa\u00eds e da iniciativa privada: \u201cO setor portu\u00e1rio est\u00e1 repleto de oportunidades. Neste momento, por exemplo, estamos discutindo a concess\u00e3o dos canais de acesso aos portos, a fim de garantir a dragagem para manuten\u00e7\u00e3o da profundidade nos acessos mar\u00edtimos. Cabe a n\u00f3s, \u00f3rg\u00e3os p\u00fablicos, trabalharmos para viabilizar novos investimentos, que gerem emprego e renda e que reduzam o custo Brasil.\u201d<\/p>\n<p>Em seguida, reuniu-se ainda no local, com os diretores da Companhia Docas do Rio de Janeiro, Helio Szmajser e Cl\u00e1udio Soares, com o secret\u00e1rio e o subsecret\u00e1rio de Estado de Transportes, Carlos Os\u00f3rio e Delmo Pinho, al\u00e9m de alguns empres\u00e1rios, para tratar de quest\u00f5es como a melhoria dos acessos rodovi\u00e1rios ao Porto do Rio de Janeiro.<\/p>\n<p>Depois de ver as obras de constru\u00e7\u00e3o do Museu do Amanh\u00e3, na Pra\u00e7a Mau\u00e1, o ministro realizou uma visita ao terminal de cruzeiros do Porto do Rio, acompanhado dos quatro diretores da Companhia Docas do Rio de Janeiro. Durante reuni\u00e3o com executivos da empresa Pier Mau\u00e1, que opera o terminal, foram tratadas as adequa\u00e7\u00f5es necess\u00e1rias visando atender ao aumento de demanda nas Olimp\u00edadas 2016.<\/p>\n<p>As ideias discutidas consideram as mudan\u00e7as previstas no projeto Porto Maravilha. A dimens\u00e3o dessas interven\u00e7\u00f5es que v\u00e3o revitalizar a regi\u00e3o portu\u00e1ria da cidade foi exibida em v\u00eddeo para o ministro. Ap\u00f3s a reuni\u00e3o, o grupo percorreu as atuais instala\u00e7\u00f5es do terminal de passageiros e o ministro conferiu \u201cin loco\u201d as propostas apresentadas.<\/p>\n<p>Fonte: Ascom\/Secretaria de Portos &#8211; SEP\/PR<\/p>\n","protected":false},"excerpt":{"rendered":"<p>Em visita ao Rio de Janeiro na \u00faltima quarta-feira (29), o ministro-chefe da Secretaria de Portos da Presid\u00eancia da Rep\u00fablica (SEP\/PR), Edinho Ara\u00fajo, participou da&#8230;<\/p>\n","protected":false},"author":1182,"featured_media":7007,"comment_status":"closed","ping_status":"closed","sticky":false,"template":"","format":"standard","meta":{"footnotes":""},"categories":[6],"tags":[],"class_list":["post-12034","post","type-post","status-publish","format-standard","has-post-thumbnail","hentry","category-noticias"],"_links":{"self":[{"href":"https:\/\/www.sincomam.org.br\/index.php\/wp-json\/wp\/v2\/posts\/12034","targetHints":{"allow":["GET"]}}],"collection":[{"href":"https:\/\/www.sincomam.org.br\/index.php\/wp-json\/wp\/v2\/posts"}],"about":[{"href":"https:\/\/www.sincomam.org.br\/index.php\/wp-json\/wp\/v2\/types\/post"}],"author":[{"embeddable":true,"href":"https:\/\/www.sincomam.org.br\/index.php\/wp-json\/wp\/v2\/users\/1182"}],"replies":[{"embeddable":true,"href":"https:\/\/www.sincomam.org.br\/index.php\/wp-json\/wp\/v2\/comments?post=12034"}],"version-history":[{"count":1,"href":"https:\/\/www.sincomam.org.br\/index.php\/wp-json\/wp\/v2\/posts\/12034\/revisions"}],"predecessor-version":[{"id":12035,"href":"https:\/\/www.sincomam.org.br\/index.php\/wp-json\/wp\/v2\/posts\/12034\/revisions\/12035"}],"wp:featuredmedia":[{"embeddable":true,"href":"https:\/\/www.sincomam.org.br\/index.php\/wp-json\/wp\/v2\/media\/7007"}],"wp:attachment":[{"href":"https:\/\/www.sincomam.org.br\/index.php\/wp-json\/wp\/v2\/media?parent=12034"}],"wp:term":[{"taxonomy":"category","embeddable":true,"href":"https:\/\/www.sincomam.org.br\/index.php\/wp-json\/wp\/v2\/categories?post=12034"},{"taxonomy":"post_tag","embeddable":true,"href":"https:\/\/www.sincomam.org.br\/index.php\/wp-json\/wp\/v2\/tags?post=12034"}],"curies":[{"name":"wp","href":"https:\/\/api.w.org\/{rel}","templated":true}]}}