{"id":12023,"date":"2015-05-04T08:13:34","date_gmt":"2015-05-04T11:13:34","guid":{"rendered":"http:\/\/www.sincomam.org.br\/?p=12023"},"modified":"2015-04-30T11:19:45","modified_gmt":"2015-04-30T14:19:45","slug":"dilma-tenta-reincluir-as-estatais-na-terceirizacao","status":"publish","type":"post","link":"https:\/\/www.sincomam.org.br\/index.php\/dilma-tenta-reincluir-as-estatais-na-terceirizacao\/","title":{"rendered":"Dilma tenta reincluir as estatais na terceiriza\u00e7\u00e3o"},"content":{"rendered":"<p>A presidente Dilma Rousseff deve mobilizar sua base aliada no Senado para reincluir na terceiriza\u00e7\u00e3o as empresas estatais, retiradas do projeto por destaque do PSDB. Dilma teme que as empresas p\u00fablicas e sociedades de economia mista percam competitividade frente \u00e0s companhias privadas com a regulamenta\u00e7\u00e3o da contrata\u00e7\u00e3o de servi\u00e7os terceirizados.<\/p>\n<p>Sem a inclus\u00e3o das estatais no projeto, as regras para a contrata\u00e7\u00e3o de servi\u00e7os por empresas como Petrobras, Caixa Econ\u00f4mica Federal e Banco do Brasil continuam sendo as previstas em s\u00famula do Tribunal Superior do Trabalho (TST), que pro\u00edbe a terceiriza\u00e7\u00e3o da atividade principal da companhia.<\/p>\n<p>A jurisprud\u00eancia \u00e9 contestada por empres\u00e1rios no Supremo Tribunal Federal. Se a s\u00famula cair, n\u00e3o haveria nenhuma regulamenta\u00e7\u00e3o para a contrata\u00e7\u00e3o de m\u00e3o de obra terceirizada por empresas p\u00fablicas e sociedades de economias mistas, suas subsidi\u00e1rias e controladas, j\u00e1 que projeto aprovado na C\u00e2mara trata apenas das empresas privadas. Dos 446 mil funcion\u00e1rios da Petrobras, 360 mil s\u00e3o terceirizados.<\/p>\n<p>A preocupa\u00e7\u00e3o com a exclus\u00e3o das estatais, conforme revelou na quinta-feira o, servi\u00e7o de informa\u00e7\u00f5es em tempo real do , foi externada por Dilma em jantar com o presidente da C\u00e2mara dos Deputados, Eduardo Cunha (PMDB-RJ), que relatou a conversa a pelo menos dois aliados.<\/p>\n<p>Em visita a Xanrer\u00ea (PR), cidade atingida por um tornado no dia 20, a presidente comentou o projeto da terceiriza\u00e7\u00e3o. Disse que \u201cexiste uma zona cinzenta que precisa ser regulamentada\u201d, mas que \u201cisso n\u00e3o pode significar perda de direitos dos trabalhadores\u201d. Questionada sobre a rela\u00e7\u00e3o entre o governo e a base aliada no Congresso, Dilma disse que \u00e9 normal a exist\u00eancia de conflitos e posi\u00e7\u00f5es pol\u00edticas distintas entre partidos diferentes. \u201cO PMDB integra meu governo e essa unidade tem como base a diversidade\u201d.<\/p>\n","protected":false},"excerpt":{"rendered":"<p>A presidente Dilma Rousseff deve mobilizar sua base aliada no Senado para reincluir na terceiriza\u00e7\u00e3o as empresas estatais, retiradas do projeto por destaque do PSDB&#8230;.<\/p>\n","protected":false},"author":1182,"featured_media":8770,"comment_status":"closed","ping_status":"closed","sticky":false,"template":"","format":"standard","meta":{"footnotes":""},"categories":[6],"tags":[],"class_list":["post-12023","post","type-post","status-publish","format-standard","has-post-thumbnail","hentry","category-noticias"],"_links":{"self":[{"href":"https:\/\/www.sincomam.org.br\/index.php\/wp-json\/wp\/v2\/posts\/12023","targetHints":{"allow":["GET"]}}],"collection":[{"href":"https:\/\/www.sincomam.org.br\/index.php\/wp-json\/wp\/v2\/posts"}],"about":[{"href":"https:\/\/www.sincomam.org.br\/index.php\/wp-json\/wp\/v2\/types\/post"}],"author":[{"embeddable":true,"href":"https:\/\/www.sincomam.org.br\/index.php\/wp-json\/wp\/v2\/users\/1182"}],"replies":[{"embeddable":true,"href":"https:\/\/www.sincomam.org.br\/index.php\/wp-json\/wp\/v2\/comments?post=12023"}],"version-history":[{"count":1,"href":"https:\/\/www.sincomam.org.br\/index.php\/wp-json\/wp\/v2\/posts\/12023\/revisions"}],"predecessor-version":[{"id":12024,"href":"https:\/\/www.sincomam.org.br\/index.php\/wp-json\/wp\/v2\/posts\/12023\/revisions\/12024"}],"wp:featuredmedia":[{"embeddable":true,"href":"https:\/\/www.sincomam.org.br\/index.php\/wp-json\/wp\/v2\/media\/8770"}],"wp:attachment":[{"href":"https:\/\/www.sincomam.org.br\/index.php\/wp-json\/wp\/v2\/media?parent=12023"}],"wp:term":[{"taxonomy":"category","embeddable":true,"href":"https:\/\/www.sincomam.org.br\/index.php\/wp-json\/wp\/v2\/categories?post=12023"},{"taxonomy":"post_tag","embeddable":true,"href":"https:\/\/www.sincomam.org.br\/index.php\/wp-json\/wp\/v2\/tags?post=12023"}],"curies":[{"name":"wp","href":"https:\/\/api.w.org\/{rel}","templated":true}]}}