{"id":12021,"date":"2015-05-04T08:09:22","date_gmt":"2015-05-04T11:09:22","guid":{"rendered":"http:\/\/www.sincomam.org.br\/?p=12021"},"modified":"2015-04-30T11:12:41","modified_gmt":"2015-04-30T14:12:41","slug":"obra-do-arco-metropolitano-de-recife-ajudara-no-transporte-de-cargas-em-suape","status":"publish","type":"post","link":"https:\/\/www.sincomam.org.br\/index.php\/obra-do-arco-metropolitano-de-recife-ajudara-no-transporte-de-cargas-em-suape\/","title":{"rendered":"Obra do Arco Metropolitano de Recife ajudar\u00e1 no transporte de cargas em Suape"},"content":{"rendered":"<p><strong><em>Libera\u00e7\u00e3o pr\u00e9via para obra ir\u00e1 facilitar o transporte de cargas na regi\u00e3o do Porto de Suape<\/em><\/strong><\/p>\n<p>O \u00f3rg\u00e3o ambiental de Pernambuco liberou a licen\u00e7a pr\u00e9via para o lote 2 do Arco Metropolitano de Recife. O procedimento era necess\u00e1rio para que o DNIT (Departamento Nacional de Infraestrutura de Transportes) elabore o termo de refer\u00eancia para lan\u00e7ar o edital da licita\u00e7\u00e3o para contratar a empresa respons\u00e1vel pela elabora\u00e7\u00e3o do projeto e execu\u00e7\u00e3o das obras.<\/p>\n<p>O objetivo \u00e9 construir uma pista dupla que ligar\u00e1 a BR-101 ao norte de Recife com o trecho sul da mesma rodovia, facilitando a mobilidade de cargas que tem como origem ou destino o Porto de Suape. A nova via tamb\u00e9m vai aliviar o tr\u00e1fego no trecho da rodovia que passa por Recife, j\u00e1 que vai retirar, da capital, o tr\u00e2nsito de longa dist\u00e2ncia.<\/p>\n<p>O empreendimento ser\u00e1 custeado com recursos do PAC (Programa de Acelera\u00e7\u00e3o do Crescimento) e foi dividido em dois lotes. O lote 2, cuja licen\u00e7a provis\u00f3ria foi liberada, possui cerca de 45 quil\u00f4metros, com in\u00edcio no entroncamento com a BR-408, em S\u00e3o Louren\u00e7o da Mata, e t\u00e9rmino no entroncamento com a BR-101, pr\u00f3ximo a Cabo de Santo Agostinho. Os procedimentos para a licita\u00e7\u00e3o do lote 1, que parte de Goiana, terminando no entroncamento com a BR-408, ser\u00e3o iniciados depois de conclu\u00eddo o processo do lote 2.<\/p>\n<p>Fonte: Guia Mar\u00edtimo<\/p>\n","protected":false},"excerpt":{"rendered":"<p>Libera\u00e7\u00e3o pr\u00e9via para obra ir\u00e1 facilitar o transporte de cargas na regi\u00e3o do Porto de Suape O \u00f3rg\u00e3o ambiental de Pernambuco liberou a licen\u00e7a pr\u00e9via&#8230;<\/p>\n","protected":false},"author":1182,"featured_media":0,"comment_status":"closed","ping_status":"closed","sticky":false,"template":"","format":"standard","meta":{"footnotes":""},"categories":[6],"tags":[],"class_list":["post-12021","post","type-post","status-publish","format-standard","hentry","category-noticias"],"_links":{"self":[{"href":"https:\/\/www.sincomam.org.br\/index.php\/wp-json\/wp\/v2\/posts\/12021","targetHints":{"allow":["GET"]}}],"collection":[{"href":"https:\/\/www.sincomam.org.br\/index.php\/wp-json\/wp\/v2\/posts"}],"about":[{"href":"https:\/\/www.sincomam.org.br\/index.php\/wp-json\/wp\/v2\/types\/post"}],"author":[{"embeddable":true,"href":"https:\/\/www.sincomam.org.br\/index.php\/wp-json\/wp\/v2\/users\/1182"}],"replies":[{"embeddable":true,"href":"https:\/\/www.sincomam.org.br\/index.php\/wp-json\/wp\/v2\/comments?post=12021"}],"version-history":[{"count":1,"href":"https:\/\/www.sincomam.org.br\/index.php\/wp-json\/wp\/v2\/posts\/12021\/revisions"}],"predecessor-version":[{"id":12022,"href":"https:\/\/www.sincomam.org.br\/index.php\/wp-json\/wp\/v2\/posts\/12021\/revisions\/12022"}],"wp:attachment":[{"href":"https:\/\/www.sincomam.org.br\/index.php\/wp-json\/wp\/v2\/media?parent=12021"}],"wp:term":[{"taxonomy":"category","embeddable":true,"href":"https:\/\/www.sincomam.org.br\/index.php\/wp-json\/wp\/v2\/categories?post=12021"},{"taxonomy":"post_tag","embeddable":true,"href":"https:\/\/www.sincomam.org.br\/index.php\/wp-json\/wp\/v2\/tags?post=12021"}],"curies":[{"name":"wp","href":"https:\/\/api.w.org\/{rel}","templated":true}]}}