{"id":12011,"date":"2015-04-30T10:55:58","date_gmt":"2015-04-30T13:55:58","guid":{"rendered":"http:\/\/www.sincomam.org.br\/?p=12011"},"modified":"2015-04-30T10:55:58","modified_gmt":"2015-04-30T13:55:58","slug":"oito-em-cada-dez-acidentes-de-trabalho-atingem-terceirizados-diz-pesquisa","status":"publish","type":"post","link":"https:\/\/www.sincomam.org.br\/index.php\/oito-em-cada-dez-acidentes-de-trabalho-atingem-terceirizados-diz-pesquisa\/","title":{"rendered":"Oito em cada dez acidentes de trabalho atingem terceirizados, diz pesquisa"},"content":{"rendered":"<p>De dez acidentes de trabalho no Brasil, oito acontecem, em m\u00e9dia, com funcion\u00e1rios terceirizados, disse hoje (29) a secret\u00e1ria nacional da Central \u00danica dos Trabalhadores (CUT), Gra\u00e7a Costa, com base em dados de uma pesquisa feita em parceria com o Departamento Intersindical de Estat\u00edstica e Estudos Socioecon\u00f4micos (Dieese).<\/p>\n<p>Ao participar de reuni\u00e3o do Comit\u00ea Executivo da Agenda Nacional de Trabalho Decente, Gra\u00e7a ressaltou que o mesmo percentual m\u00e9dio se reflete no n\u00famero de mortes nos acidentes com trabalhadores terceirizados. Ela citou, como exemplo, o setor el\u00e9trico, que registrou 79 mortes por acidentes em 2011, sendo 80% das v\u00edtimas funcion\u00e1rios terceirizados.<\/p>\n<p>Os n\u00fameros foram questionados, por\u00e9m, pelo diretor da Confedera\u00e7\u00e3o Nacional das Institui\u00e7\u00f5es Financeiras, Jos\u00e9 Ricardo Alves. Defensor do Projeto de Lei 4.330, que regulamenta a contrata\u00e7\u00e3o de terceirizados, Alves disse que o projeto n\u00e3o cria esse tipo de contrato. &#8220;A terceiriza\u00e7\u00e3o est\u00e1 neste pr\u00e9dio, enquanto conversamos. Falamos de 12 milh\u00f5es e meio a 14 milh\u00f5es de pessoas terceirizadas. Podemos perguntar para cada um deles o que preferem: estar na sua situa\u00e7\u00e3o atual de trabalhador terceirizado, sem esse projeto, ou ser trabalhador com a dupla prote\u00e7\u00e3o desse projeto?\u201d<\/p>\n<p>O ministro do Trabalho e Emprego, Manoel Dias, reafirmou que a regulamenta\u00e7\u00e3o dos terceirizados \u00e9 necess\u00e1ria. Dias defendeu o di\u00e1logo para que se defina o melhor texto para o projeto. \u201cO debate \u00e9 importante&#8221;, disse ele o ministro, admitindo que os parlamentares podem aprovar o que quiserem. Ele salientou, por\u00e9m, que &#8220;a presidenta [Dilma Rousseff] vai fazer a avalia\u00e7\u00e3o, e um veto dela pode desfigurar todo o projeto\u201d.<\/p>\n<p>Cr\u00edtico do projeto que regulamenta a terceiriza\u00e7\u00e3o, o ministro da Previd\u00eancia Social, Carlos Eduardo Gabas, entende que a medida fragiliza as rela\u00e7\u00f5es trabalhistas. &#8220;A medida exp\u00f5e muito o trabalhador e desmonta o processo de rela\u00e7\u00e3o entre empregado e empregador, via representa\u00e7\u00e3o sindical, e desestrutura toda essa cadeia. Por isso, sou conceitualmente contra essa fragiliza\u00e7\u00e3o\u201d, disse Gabas.<\/p>\n<p>Um dos pontos mais pol\u00eamicos do projeto permite a terceiriza\u00e7\u00e3o da atividade-fim da empresa. Aprovado na C\u00e2mara dos Deputados, o projeto vai ser analisado pelo Senado. O presidente da Casa, senador Renan Calheiros (PMDB-AL), marcou sess\u00e3o tem\u00e1tica para o dia 12 de maio, quando os senadores far\u00e3o o primeiro debate sobre a regulamenta\u00e7\u00e3o da terceiriza\u00e7\u00e3o.<\/p>\n<p>Fonte: Ag\u00eancia Brasil \/ Katiana Rabelo com colabora\u00e7\u00e3o de Danyele Soares, da Radioag\u00eancia Nacional<\/p>\n","protected":false},"excerpt":{"rendered":"<p>De dez acidentes de trabalho no Brasil, oito acontecem, em m\u00e9dia, com funcion\u00e1rios terceirizados, disse hoje (29) a secret\u00e1ria nacional da Central \u00danica dos Trabalhadores&#8230;<\/p>\n","protected":false},"author":1182,"featured_media":7050,"comment_status":"closed","ping_status":"closed","sticky":false,"template":"","format":"standard","meta":{"footnotes":""},"categories":[6],"tags":[],"class_list":["post-12011","post","type-post","status-publish","format-standard","has-post-thumbnail","hentry","category-noticias"],"_links":{"self":[{"href":"https:\/\/www.sincomam.org.br\/index.php\/wp-json\/wp\/v2\/posts\/12011","targetHints":{"allow":["GET"]}}],"collection":[{"href":"https:\/\/www.sincomam.org.br\/index.php\/wp-json\/wp\/v2\/posts"}],"about":[{"href":"https:\/\/www.sincomam.org.br\/index.php\/wp-json\/wp\/v2\/types\/post"}],"author":[{"embeddable":true,"href":"https:\/\/www.sincomam.org.br\/index.php\/wp-json\/wp\/v2\/users\/1182"}],"replies":[{"embeddable":true,"href":"https:\/\/www.sincomam.org.br\/index.php\/wp-json\/wp\/v2\/comments?post=12011"}],"version-history":[{"count":1,"href":"https:\/\/www.sincomam.org.br\/index.php\/wp-json\/wp\/v2\/posts\/12011\/revisions"}],"predecessor-version":[{"id":12012,"href":"https:\/\/www.sincomam.org.br\/index.php\/wp-json\/wp\/v2\/posts\/12011\/revisions\/12012"}],"wp:featuredmedia":[{"embeddable":true,"href":"https:\/\/www.sincomam.org.br\/index.php\/wp-json\/wp\/v2\/media\/7050"}],"wp:attachment":[{"href":"https:\/\/www.sincomam.org.br\/index.php\/wp-json\/wp\/v2\/media?parent=12011"}],"wp:term":[{"taxonomy":"category","embeddable":true,"href":"https:\/\/www.sincomam.org.br\/index.php\/wp-json\/wp\/v2\/categories?post=12011"},{"taxonomy":"post_tag","embeddable":true,"href":"https:\/\/www.sincomam.org.br\/index.php\/wp-json\/wp\/v2\/tags?post=12011"}],"curies":[{"name":"wp","href":"https:\/\/api.w.org\/{rel}","templated":true}]}}