{"id":12008,"date":"2015-05-04T08:00:27","date_gmt":"2015-05-04T11:00:27","guid":{"rendered":"http:\/\/www.sincomam.org.br\/?p=12008"},"modified":"2015-04-30T10:43:51","modified_gmt":"2015-04-30T13:43:51","slug":"presidente-da-vale-vai-comandar-o-conselho-de-administracao-da-petrobras","status":"publish","type":"post","link":"https:\/\/www.sincomam.org.br\/index.php\/presidente-da-vale-vai-comandar-o-conselho-de-administracao-da-petrobras\/","title":{"rendered":"Presidente da Vale vai comandar o Conselho de Administra\u00e7\u00e3o da Petrobras"},"content":{"rendered":"<p>O presidente da Vale, Murilo Ferreira, foi eleito na \u00faltima quinta-feira (29) para comandar o Conselho de Administra\u00e7\u00e3o da Petrobras, em assembleia-geral ordin\u00e1ria dos acionistas da empresa. O executivo que comanda a Vale desde 2011, ficar\u00e1 no cargo antes ocupado pelo ex-ministro da Fazenda, Guido Mantega. Em mar\u00e7o, Ferreira havia sido indicado pelo governo para a presid\u00eancia do colegiado da estatal.<\/p>\n<p>A assembleia tamb\u00e9m elegeu dez conselheiros: sete indicados pela Uni\u00e3o, um pelos acionistas minorit\u00e1rios ordinaristas, um pelos acionistas minorit\u00e1rios preferencialistas e outro pelos funcion\u00e1rios da empresa.<\/p>\n<p>Os indicados pela Uni\u00e3o foram eleitos com 66,36% dos votos dos acionistas presentes. Do total, 5% votaram contra as indica\u00e7\u00f5es e 28,6% se abstiveram. Al\u00e9m de Ferreira, tamb\u00e9m foram eleitos como representante do governo na estatal o presidente da estatal, Aldemir Bendine, o presidente do Banco Nacional de Desenvolvimento Econ\u00f4mico e Social (BNDES), Luciano Coutinho, o advogado e o consultor Luiz Navarro, ex-secret\u00e1rio-executivo da Controladoria-Geral da Uni\u00e3o e ex-integrante do Conselho de Controle de Atividades Financeiras (Coaf).<\/p>\n<p>O governo tamb\u00e9m indicou para integrar o conselho, os nomes do economista e professor da Universidade de S\u00e3o Paulo (USP) Luiz Carvalho, do pesquisador da Universidade Federal do Rio de Janeiro (UFRJ) Segen Estefen e do ex-diretor do Banco Central e da Funda\u00e7\u00e3o Getulio Vargas (FGV) Roberto da Cunha Castello Branco.<\/p>\n<p>Eles substitu\u00edram na lista de indicados Ivan Monteiro, diretor financeiro da Petrobras, al\u00e9m do general do Ex\u00e9rcito Francisco de Albuquerque e do vice-presidente da Funda\u00e7\u00e3o Getulio Vargas, S\u00e9rgio Franklin Quintella, que estavam no colegiado h\u00e1 v\u00e1rios anos.<\/p>\n<p>O novo representante dos trabalhadores \u00e9 Deyvid Bacelar, coordenador do Sindicato dos Petroleiros (Sindipetro) da Bahia. Ele substitui Silvio Sinedino, da Associa\u00e7\u00e3o dos Engenheiros da Petrobras (Aepet).<\/p>\n<p>A assembleia elegeu ainda o diretor executivo do Comit\u00ea de Aquisi\u00e7\u00f5es e Fus\u00f5es (CAF), Walter Mendes de Oliveira Filho, para a vaga de membro indicado pelos ordinaristas minorit\u00e1rios, al\u00e9m do empres\u00e1rio Guilherme Affonso Ferreira para a vaga de membro designado pelos preferencialistas. A primeira reuni\u00e3o do Conselho de Administra\u00e7\u00e3o da Petrobras est\u00e1 prevista para 15 de maio.<\/p>\n<p>Fonte: Ag\u00eancia Brasil<\/p>\n","protected":false},"excerpt":{"rendered":"<p>O presidente da Vale, Murilo Ferreira, foi eleito na \u00faltima quinta-feira (29) para comandar o Conselho de Administra\u00e7\u00e3o da Petrobras, em assembleia-geral ordin\u00e1ria dos acionistas&#8230;<\/p>\n","protected":false},"author":1182,"featured_media":10832,"comment_status":"closed","ping_status":"closed","sticky":false,"template":"","format":"standard","meta":{"footnotes":""},"categories":[6],"tags":[],"class_list":["post-12008","post","type-post","status-publish","format-standard","has-post-thumbnail","hentry","category-noticias"],"_links":{"self":[{"href":"https:\/\/www.sincomam.org.br\/index.php\/wp-json\/wp\/v2\/posts\/12008","targetHints":{"allow":["GET"]}}],"collection":[{"href":"https:\/\/www.sincomam.org.br\/index.php\/wp-json\/wp\/v2\/posts"}],"about":[{"href":"https:\/\/www.sincomam.org.br\/index.php\/wp-json\/wp\/v2\/types\/post"}],"author":[{"embeddable":true,"href":"https:\/\/www.sincomam.org.br\/index.php\/wp-json\/wp\/v2\/users\/1182"}],"replies":[{"embeddable":true,"href":"https:\/\/www.sincomam.org.br\/index.php\/wp-json\/wp\/v2\/comments?post=12008"}],"version-history":[{"count":1,"href":"https:\/\/www.sincomam.org.br\/index.php\/wp-json\/wp\/v2\/posts\/12008\/revisions"}],"predecessor-version":[{"id":12009,"href":"https:\/\/www.sincomam.org.br\/index.php\/wp-json\/wp\/v2\/posts\/12008\/revisions\/12009"}],"wp:featuredmedia":[{"embeddable":true,"href":"https:\/\/www.sincomam.org.br\/index.php\/wp-json\/wp\/v2\/media\/10832"}],"wp:attachment":[{"href":"https:\/\/www.sincomam.org.br\/index.php\/wp-json\/wp\/v2\/media?parent=12008"}],"wp:term":[{"taxonomy":"category","embeddable":true,"href":"https:\/\/www.sincomam.org.br\/index.php\/wp-json\/wp\/v2\/categories?post=12008"},{"taxonomy":"post_tag","embeddable":true,"href":"https:\/\/www.sincomam.org.br\/index.php\/wp-json\/wp\/v2\/tags?post=12008"}],"curies":[{"name":"wp","href":"https:\/\/api.w.org\/{rel}","templated":true}]}}