{"id":11994,"date":"2015-04-30T09:39:13","date_gmt":"2015-04-30T12:39:13","guid":{"rendered":"http:\/\/www.sincomam.org.br\/?p=11994"},"modified":"2015-04-30T09:39:13","modified_gmt":"2015-04-30T12:39:13","slug":"terminal-eldorado-brasil-celulose-comeca-a-operar-em-maio-no-paqueta","status":"publish","type":"post","link":"https:\/\/www.sincomam.org.br\/index.php\/terminal-eldorado-brasil-celulose-comeca-a-operar-em-maio-no-paqueta\/","title":{"rendered":"Terminal Eldorado Brasil celulose come\u00e7a a operar em maio, no Paquet\u00e1"},"content":{"rendered":"<p>O terminal que a Eldorado Brasil Celulose est\u00e1 construindo no Porto de Santos deve iniciar suas opera\u00e7\u00f5es, ainda em fase de testes, no pr\u00f3ximo m\u00eas. A previs\u00e3o foi anunciada pelo presidente da companhia, Jos\u00e9 Carlos Grubisich, ontem, durante a divulga\u00e7\u00e3o dos resultados da empresa no primeiro trimestre do ano.<\/p>\n<p>\u201cA expectativa \u00e9 de que nossas opera\u00e7\u00f5es em Santos evoluam significativamente no segundo semestre de 2015. A entrada em opera\u00e7\u00e3o do terminal \u00e9 mais um importante passo para que a companhia se torne ainda mais competitiva\u201d, disse Grubisich.<\/p>\n<p>A instala\u00e7\u00e3o, destinada \u00e0 exporta\u00e7\u00e3o de celulose, est\u00e1 localizada na \u00e1rea do antigo Armaz\u00e9m XIII (13 externo), na regi\u00e3o do Paquet\u00e1, a cerca de 300 metros do ber\u00e7o de atraca\u00e7\u00e3o que utiliza. Recentemente, ela passou por uma auditoria para obten\u00e7\u00e3o do alfandegamento (autoriza\u00e7\u00e3o da Alf\u00e2ndega para operar cargas de com\u00e9rcio exterior).<\/p>\n<p>O terminal embarcar\u00e1 a celulose produzida na nova f\u00e1brica da empresa em Tr\u00eas Lagoas (MS), chegando ao complexo portu\u00e1rio por trem.<\/p>\n<p>Criada h\u00e1 dois anos , a Eldorado Brasil Celulose \u00e9 uma companhia do Grupo J&amp;F e uma das principais produtoras mundiais de celulose branqueada de eucalipto. Conforme os resultados divulgados ontem, ela concluiu o primeiro trimestre do ano com R$ 764 milh\u00f5es de receita bruta, 53% a mais do que no mesmo per\u00edodo no ano passado. Nos \u00faltimos 12 meses, a receita bruta chegou a R$ 2,9 bilh\u00f5es.<\/p>\n<p>Fonte: Tribuna Online<\/p>\n","protected":false},"excerpt":{"rendered":"<p>O terminal que a Eldorado Brasil Celulose est\u00e1 construindo no Porto de Santos deve iniciar suas opera\u00e7\u00f5es, ainda em fase de testes, no pr\u00f3ximo m\u00eas&#8230;.<\/p>\n","protected":false},"author":1182,"featured_media":6195,"comment_status":"closed","ping_status":"closed","sticky":false,"template":"","format":"standard","meta":{"footnotes":""},"categories":[6],"tags":[],"class_list":["post-11994","post","type-post","status-publish","format-standard","has-post-thumbnail","hentry","category-noticias"],"_links":{"self":[{"href":"https:\/\/www.sincomam.org.br\/index.php\/wp-json\/wp\/v2\/posts\/11994","targetHints":{"allow":["GET"]}}],"collection":[{"href":"https:\/\/www.sincomam.org.br\/index.php\/wp-json\/wp\/v2\/posts"}],"about":[{"href":"https:\/\/www.sincomam.org.br\/index.php\/wp-json\/wp\/v2\/types\/post"}],"author":[{"embeddable":true,"href":"https:\/\/www.sincomam.org.br\/index.php\/wp-json\/wp\/v2\/users\/1182"}],"replies":[{"embeddable":true,"href":"https:\/\/www.sincomam.org.br\/index.php\/wp-json\/wp\/v2\/comments?post=11994"}],"version-history":[{"count":1,"href":"https:\/\/www.sincomam.org.br\/index.php\/wp-json\/wp\/v2\/posts\/11994\/revisions"}],"predecessor-version":[{"id":11995,"href":"https:\/\/www.sincomam.org.br\/index.php\/wp-json\/wp\/v2\/posts\/11994\/revisions\/11995"}],"wp:featuredmedia":[{"embeddable":true,"href":"https:\/\/www.sincomam.org.br\/index.php\/wp-json\/wp\/v2\/media\/6195"}],"wp:attachment":[{"href":"https:\/\/www.sincomam.org.br\/index.php\/wp-json\/wp\/v2\/media?parent=11994"}],"wp:term":[{"taxonomy":"category","embeddable":true,"href":"https:\/\/www.sincomam.org.br\/index.php\/wp-json\/wp\/v2\/categories?post=11994"},{"taxonomy":"post_tag","embeddable":true,"href":"https:\/\/www.sincomam.org.br\/index.php\/wp-json\/wp\/v2\/tags?post=11994"}],"curies":[{"name":"wp","href":"https:\/\/api.w.org\/{rel}","templated":true}]}}