{"id":11988,"date":"2015-04-29T11:30:13","date_gmt":"2015-04-29T14:30:13","guid":{"rendered":"http:\/\/www.sincomam.org.br\/?p=11988"},"modified":"2015-04-29T11:30:13","modified_gmt":"2015-04-29T14:30:13","slug":"mais-de-300-pessoas-acompanham-audiencia-publica-sobre-fechamento-da-petrobras-em-itajai","status":"publish","type":"post","link":"https:\/\/www.sincomam.org.br\/index.php\/mais-de-300-pessoas-acompanham-audiencia-publica-sobre-fechamento-da-petrobras-em-itajai\/","title":{"rendered":"Mais de 300 pessoas acompanham audi\u00eancia p\u00fablica sobre fechamento da Petrobras em Itaja\u00ed"},"content":{"rendered":"<p><strong><em>Ocorrida na tarde de segunda-feira (27), o evento lotou o plen\u00e1rio do Legislativo Itajaiense com autoridades pol\u00edticas, empresariais, sindicais, al\u00e9m de funcion\u00e1rios da Petrobras e estudantes<\/em><\/strong><\/p>\n<p>A C\u00e2mara de Vereadores de Itaja\u00ed realizou, em conjunto com a Assembleia Legislativa de Santa Catarina (Alesc), uma audi\u00eancia p\u00fablica para discutir o fechamento da Unidade de Explora\u00e7\u00e3o e Produ\u00e7\u00e3o do Sul (UO-Sul) da Petrobras, localizada em Itaja\u00ed. Ocorrida na tarde de segunda-feira (27), o evento lotou o plen\u00e1rio do Legislativo Itajaiense com autoridades pol\u00edticas, empresariais, sindicais, al\u00e9m de funcion\u00e1rios da Petrobras e estudantes.<\/p>\n<p>A abertura do evento foi realizada pelo presidente da Alesc, Gelson Mer\u00edsio (PSD), que afirmou que o Estado tem orgulho em ter uma unidade da Petrobras e que a audi\u00eancia p\u00fablica \u00e9 um primeiro passo na luta pela manuten\u00e7\u00e3o da institui\u00e7\u00e3o em Itaja\u00ed.<\/p>\n<p>O gerente geral da Unidade de Explora\u00e7\u00e3o e Produ\u00e7\u00e3o da Bacia de Santos da Petrobras, Osvaldo Kawakami, explicou que por uma decis\u00e3o gerencial da institui\u00e7\u00e3o, a unidade de Itaja\u00ed ser\u00e1 transformada em um ativo de produ\u00e7\u00e3o ligado \u00e0 Bacia de Santos. Kawakami afirmou que, apesar da mudan\u00e7a de parte da administra\u00e7\u00e3o, a atividade operacional, assim como projetos desenvolvidos na regi\u00e3o, est\u00e1gios de estudantes e programa jovem aprendiz, continuar\u00e3o existindo.<\/p>\n<p>O presidente da C\u00e2mara de Vereadores de Itaja\u00ed, Luiz Carlos Pissetti (DEM), afirmou que a UO-Sul foi inclu\u00edda em um projeto de desinvestimento e corre o risco de ter suas atividades rebaixadas, passando a ser uma unidade avan\u00e7ada da bacia de Santos. \u201cEsta audi\u00eancia p\u00fablica representa um n\u00e3o para o fechamento da Petrobras em Itaja\u00ed\u201d, declarou Pissetti.<\/p>\n<p>Al\u00e9m da manifesta\u00e7\u00e3o dos vereadores e deputados estaduais, Kawakami respondeu ainda \u00e0s perguntas enviadas pela plateia. Nos pr\u00f3ximos dias ser\u00e1 confeccionado um relat\u00f3rio circunstanciado com a ata da audi\u00eancia p\u00fablica para posterior encaminhamento \u00e0 dire\u00e7\u00e3o da Petrobras.<\/p>\n<p>Fonte: Revista Portu\u00e1ria<\/p>\n","protected":false},"excerpt":{"rendered":"<p>Ocorrida na tarde de segunda-feira (27), o evento lotou o plen\u00e1rio do Legislativo Itajaiense com autoridades pol\u00edticas, empresariais, sindicais, al\u00e9m de funcion\u00e1rios da Petrobras e&#8230;<\/p>\n","protected":false},"author":1182,"featured_media":6990,"comment_status":"closed","ping_status":"closed","sticky":false,"template":"","format":"standard","meta":{"footnotes":""},"categories":[6],"tags":[],"class_list":["post-11988","post","type-post","status-publish","format-standard","has-post-thumbnail","hentry","category-noticias"],"_links":{"self":[{"href":"https:\/\/www.sincomam.org.br\/index.php\/wp-json\/wp\/v2\/posts\/11988","targetHints":{"allow":["GET"]}}],"collection":[{"href":"https:\/\/www.sincomam.org.br\/index.php\/wp-json\/wp\/v2\/posts"}],"about":[{"href":"https:\/\/www.sincomam.org.br\/index.php\/wp-json\/wp\/v2\/types\/post"}],"author":[{"embeddable":true,"href":"https:\/\/www.sincomam.org.br\/index.php\/wp-json\/wp\/v2\/users\/1182"}],"replies":[{"embeddable":true,"href":"https:\/\/www.sincomam.org.br\/index.php\/wp-json\/wp\/v2\/comments?post=11988"}],"version-history":[{"count":1,"href":"https:\/\/www.sincomam.org.br\/index.php\/wp-json\/wp\/v2\/posts\/11988\/revisions"}],"predecessor-version":[{"id":11989,"href":"https:\/\/www.sincomam.org.br\/index.php\/wp-json\/wp\/v2\/posts\/11988\/revisions\/11989"}],"wp:featuredmedia":[{"embeddable":true,"href":"https:\/\/www.sincomam.org.br\/index.php\/wp-json\/wp\/v2\/media\/6990"}],"wp:attachment":[{"href":"https:\/\/www.sincomam.org.br\/index.php\/wp-json\/wp\/v2\/media?parent=11988"}],"wp:term":[{"taxonomy":"category","embeddable":true,"href":"https:\/\/www.sincomam.org.br\/index.php\/wp-json\/wp\/v2\/categories?post=11988"},{"taxonomy":"post_tag","embeddable":true,"href":"https:\/\/www.sincomam.org.br\/index.php\/wp-json\/wp\/v2\/tags?post=11988"}],"curies":[{"name":"wp","href":"https:\/\/api.w.org\/{rel}","templated":true}]}}