{"id":11977,"date":"2015-04-29T10:27:23","date_gmt":"2015-04-29T13:27:23","guid":{"rendered":"http:\/\/www.sincomam.org.br\/?p=11977"},"modified":"2015-04-29T10:27:23","modified_gmt":"2015-04-29T13:27:23","slug":"navio-mercante-da-empresa-maersk-e-obrigado-a-desviar-para-porto-iraniano","status":"publish","type":"post","link":"https:\/\/www.sincomam.org.br\/index.php\/navio-mercante-da-empresa-maersk-e-obrigado-a-desviar-para-porto-iraniano\/","title":{"rendered":"Navio mercante da empresa Maersk \u00e9 obrigado a desviar para porto iraniano"},"content":{"rendered":"<p>Um navio mercante da empresa dinamarquesa Maersk, com bandeira das Ilhas Marshall, foi for\u00e7ado nesta ter\u00e7a-feira a desviar seu curso pela Marinha iraniana para um porto do pa\u00eds quando estava na altura do Estreito de Ormuz, anunciou o Pent\u00e1gono.<\/p>\n<p>Pelo menos cinco navios iranianos for\u00e7aram a embarca\u00e7\u00e3o &#8220;Tigris&#8221;, da empresa Maersk, a seguir para a ilha iraniana de Larak, depois de disparos de advert\u00eancia diante da proa, anunciou o Departamento de Defesa americano.<\/p>\n<p>Por volta das 09H00 GMT (06H00 de Bras\u00edlia), pelo menos cinco embarca\u00e7\u00f5es da denominada Guarda Revolucion\u00e1ria de Teer\u00e3 abordaram o navio no Estreito de Ormuz, em \u00e1guas iranianas, e exigiram que desviasse para Larak. O capit\u00e3o do cargueiro declinou o pedido e uma das embarca\u00e7\u00f5es iranianas abriu fogo.<\/p>\n<p>Depois, o cargueiro &#8220;acatou a solicita\u00e7\u00e3o iraniana e procedeu a entrar em \u00e1guas iranianas nas proximidades de Larak Island&#8221;, relatou o porta-voz do Pent\u00e1gono, coronel Seteven Warren. Segundo o Departamento de Defesa, n\u00e3o havia americanos a bordo do cargueiro.<\/p>\n<p>Homens da Guarda Revolucion\u00e1ria abordaram no navio, que emitiu um pedido de socorro atrav\u00e9s de uma r\u00e1dio de canal aberto e o Comando Central Militar dos EUA escutou, ordenando o envio de um destr\u00f3ier, o &#8220;USS Farragut&#8221;, para o local.<\/p>\n<p>O destr\u00f3ier recebeu instru\u00e7\u00f5es &#8220;para se deslocar \u00e0 m\u00e1xima velocidade para a localiza\u00e7\u00e3o mais pr\u00f3xima do Tigris Maersk&#8221;, informou Warren, embora fosse &#8220;improv\u00e1vel&#8221; que a embarca\u00e7\u00e3o americana entrasse em \u00e1guas territoriais do Ir\u00e3.<\/p>\n<p>O Comando Central tamb\u00e9m determinou que avi\u00f5es militares monitorem a situa\u00e7\u00e3o do alto, acrescentou.<\/p>\n<p><strong>Poss\u00edvel disputa comercial<\/strong><\/p>\n<p>O incidente ocorreu em meio a tens\u00f5es crescentes na regi\u00e3o, enquanto a Ar\u00e1bia Saudita e seus aliados do Golfo P\u00e9rsico realizam ataques a\u00e9reos no I\u00eamen contra os rebeldes xiitas huthis, apoiados pelo Ir\u00e3.<\/p>\n<p>Os Estados Unidos proporcionaram apoio de intelig\u00eancia e abastecimento em voo para as for\u00e7as da coaliz\u00e3o liderada pelos sauditas.<\/p>\n<p>O navio de carga fez sua \u00faltima parada no porto de Jid\u00e1, no Mar Vermelho &#8211; na costa saudita -, segundo o site maritimetraffic.com, e estava navegando pelo Estreito entrando no Golfo.<\/p>\n<p>N\u00e3o estava claro ainda se o porto de escala teve alguma rela\u00e7\u00e3o com a decis\u00e3o iraniana de tomar o controle do navio, em um momento que Teer\u00e3 est\u00e1 em plena disputa de poder entre Ar\u00e1bia Saudita e Ir\u00e3 no I\u00eamen.<\/p>\n<p>Warren destacou que era cedo demais para dizer se o incidente representava uma tentativa do Ir\u00e3 de perturbar o com\u00e9rcio nesta via.<\/p>\n<p>Segundo a ag\u00eancia de not\u00edcias iraniana Fars, uma disputa comercial foi a causa da deten\u00e7\u00e3o do navio.<\/p>\n<p>Ainda de acordo com esta fonte, o navio &#8220;teve uma disputa com a administra\u00e7\u00e3o dos portos iranianos que receberam uma ordem de confisco de um tribunal&#8221;.<\/p>\n<p>Ao ser interceptado, o navio transitava em uma rota mar\u00edtima usada comumente por embarca\u00e7\u00f5es comerciais, que se encontra em \u00e1guas territoriais iranianas, segundo funcion\u00e1rios americanos.<\/p>\n<p>De acordo com o direito mar\u00edtimo internacional, no Estreito de Ormuz, navios comerciais t\u00eam o direito de cruzar as \u00e1guas iranianas, sob o princ\u00edpio do &#8220;direito de passagem inofensivo&#8221;.<\/p>\n<p>Os Estados Unidos defendem e ajudam financeiramente as Ilhas Marshall, mas autoridades americanas n\u00e3o informaram se estes v\u00ednculos com o arquip\u00e9lago obrigam Washington a agir.<\/p>\n<p>&#8220;Temos certas obriga\u00e7\u00f5es, atualmente estamos trabalhando neste tema&#8221;, disse o coronel Warren.<\/p>\n<p>Fonte: AFP \/Agence France-Presse<\/p>\n","protected":false},"excerpt":{"rendered":"<p>Um navio mercante da empresa dinamarquesa Maersk, com bandeira das Ilhas Marshall, foi for\u00e7ado nesta ter\u00e7a-feira a desviar seu curso pela Marinha iraniana para um&#8230;<\/p>\n","protected":false},"author":1182,"featured_media":3600,"comment_status":"closed","ping_status":"closed","sticky":false,"template":"","format":"standard","meta":{"footnotes":""},"categories":[6],"tags":[],"class_list":["post-11977","post","type-post","status-publish","format-standard","has-post-thumbnail","hentry","category-noticias"],"_links":{"self":[{"href":"https:\/\/www.sincomam.org.br\/index.php\/wp-json\/wp\/v2\/posts\/11977","targetHints":{"allow":["GET"]}}],"collection":[{"href":"https:\/\/www.sincomam.org.br\/index.php\/wp-json\/wp\/v2\/posts"}],"about":[{"href":"https:\/\/www.sincomam.org.br\/index.php\/wp-json\/wp\/v2\/types\/post"}],"author":[{"embeddable":true,"href":"https:\/\/www.sincomam.org.br\/index.php\/wp-json\/wp\/v2\/users\/1182"}],"replies":[{"embeddable":true,"href":"https:\/\/www.sincomam.org.br\/index.php\/wp-json\/wp\/v2\/comments?post=11977"}],"version-history":[{"count":1,"href":"https:\/\/www.sincomam.org.br\/index.php\/wp-json\/wp\/v2\/posts\/11977\/revisions"}],"predecessor-version":[{"id":11978,"href":"https:\/\/www.sincomam.org.br\/index.php\/wp-json\/wp\/v2\/posts\/11977\/revisions\/11978"}],"wp:featuredmedia":[{"embeddable":true,"href":"https:\/\/www.sincomam.org.br\/index.php\/wp-json\/wp\/v2\/media\/3600"}],"wp:attachment":[{"href":"https:\/\/www.sincomam.org.br\/index.php\/wp-json\/wp\/v2\/media?parent=11977"}],"wp:term":[{"taxonomy":"category","embeddable":true,"href":"https:\/\/www.sincomam.org.br\/index.php\/wp-json\/wp\/v2\/categories?post=11977"},{"taxonomy":"post_tag","embeddable":true,"href":"https:\/\/www.sincomam.org.br\/index.php\/wp-json\/wp\/v2\/tags?post=11977"}],"curies":[{"name":"wp","href":"https:\/\/api.w.org\/{rel}","templated":true}]}}