{"id":11897,"date":"2015-04-28T10:01:02","date_gmt":"2015-04-28T13:01:02","guid":{"rendered":"http:\/\/www.sincomam.org.br\/?p=11897"},"modified":"2015-04-28T10:01:02","modified_gmt":"2015-04-28T13:01:02","slug":"wilson-sons-logistica-conta-com-novas-gerentes-comerciais-em-sao-paulo-e-pernambuco","status":"publish","type":"post","link":"https:\/\/www.sincomam.org.br\/index.php\/wilson-sons-logistica-conta-com-novas-gerentes-comerciais-em-sao-paulo-e-pernambuco\/","title":{"rendered":"Wilson Sons Log\u00edstica conta com novas gerentes comerciais em S\u00e3o Paulo e Pernambuco"},"content":{"rendered":"<p>A Wilson Sons Log\u00edstica comunica que possui duas novas gerentes comerciais. Segundo a companhia, Michelli Kultchek assumir\u00e1 o posto na Plataforma Sudeste da empresa, que inclui o Centro Log\u00edstico (CL) Itapevi e a Esta\u00e7\u00e3o Aduaneira de Interior (Eadi) Santo Andr\u00e9, ambos em S\u00e3o Paulo. J\u00e1 Cristiane Toffoli ficar\u00e1 respons\u00e1vel pela Plataforma Nordeste, abrangendo a Eadi e o CL Suape, em Pernambuco.<\/p>\n<p><strong>Perfil<\/strong><\/p>\n<p>Michelli \u00e9 formada em Administra\u00e7\u00e3o de Empresas pela FAE Business School Curitiba, com mestrado em Log\u00edstica &amp; Supply Chain Management pela Lancaster University Management School UK. Re\u00fane passagens pela Am\u00e9rica Latina Log\u00edstica SA (ALL), Ritmo Log\u00edstica e GEFCO Log\u00edstica, onde trabalhou at\u00e9 recentemente como Gerente de Desenvolvimento de Mercado.<\/p>\n<p>Cristiane \u00e9 graduada em Com\u00e9rcio Exterior pela Universidade Paulista, em S\u00e3o Paulo. Possui mais de doze anos de experi\u00eancia na \u00e1rea log\u00edstica, sendo oito deles atuando em Santos e Suape. J\u00e1 trabalhou nas empresas Deicmar e Localfrio, esta \u00faltima como Coordenadora Comercial para o Nordeste.<\/p>\n<p>Fonte: Reda\u00e7\u00e3o SINCOMAM<\/p>\n","protected":false},"excerpt":{"rendered":"<p>A Wilson Sons Log\u00edstica comunica que possui duas novas gerentes comerciais. Segundo a companhia, Michelli Kultchek assumir\u00e1 o posto na Plataforma Sudeste da empresa, que&#8230;<\/p>\n","protected":false},"author":1182,"featured_media":11898,"comment_status":"closed","ping_status":"closed","sticky":false,"template":"","format":"standard","meta":{"footnotes":""},"categories":[6],"tags":[1752,1751,438,920,1753,366,478],"class_list":["post-11897","post","type-post","status-publish","format-standard","has-post-thumbnail","hentry","category-noticias","tag-comerciais","tag-gerentes","tag-logistica","tag-novas","tag-pernambuco","tag-sao-paulo","tag-wilson-sons"],"_links":{"self":[{"href":"https:\/\/www.sincomam.org.br\/index.php\/wp-json\/wp\/v2\/posts\/11897","targetHints":{"allow":["GET"]}}],"collection":[{"href":"https:\/\/www.sincomam.org.br\/index.php\/wp-json\/wp\/v2\/posts"}],"about":[{"href":"https:\/\/www.sincomam.org.br\/index.php\/wp-json\/wp\/v2\/types\/post"}],"author":[{"embeddable":true,"href":"https:\/\/www.sincomam.org.br\/index.php\/wp-json\/wp\/v2\/users\/1182"}],"replies":[{"embeddable":true,"href":"https:\/\/www.sincomam.org.br\/index.php\/wp-json\/wp\/v2\/comments?post=11897"}],"version-history":[{"count":1,"href":"https:\/\/www.sincomam.org.br\/index.php\/wp-json\/wp\/v2\/posts\/11897\/revisions"}],"predecessor-version":[{"id":11899,"href":"https:\/\/www.sincomam.org.br\/index.php\/wp-json\/wp\/v2\/posts\/11897\/revisions\/11899"}],"wp:featuredmedia":[{"embeddable":true,"href":"https:\/\/www.sincomam.org.br\/index.php\/wp-json\/wp\/v2\/media\/11898"}],"wp:attachment":[{"href":"https:\/\/www.sincomam.org.br\/index.php\/wp-json\/wp\/v2\/media?parent=11897"}],"wp:term":[{"taxonomy":"category","embeddable":true,"href":"https:\/\/www.sincomam.org.br\/index.php\/wp-json\/wp\/v2\/categories?post=11897"},{"taxonomy":"post_tag","embeddable":true,"href":"https:\/\/www.sincomam.org.br\/index.php\/wp-json\/wp\/v2\/tags?post=11897"}],"curies":[{"name":"wp","href":"https:\/\/api.w.org\/{rel}","templated":true}]}}