{"id":11784,"date":"2015-04-24T10:06:19","date_gmt":"2015-04-24T13:06:19","guid":{"rendered":"http:\/\/www.sincomam.org.br\/?p=11784"},"modified":"2015-04-24T10:06:19","modified_gmt":"2015-04-24T13:06:19","slug":"governo-prorroga-ate-29-de-maio-inscricoes-para-renovacao-de-contratos-do-fies","status":"publish","type":"post","link":"https:\/\/www.sincomam.org.br\/index.php\/governo-prorroga-ate-29-de-maio-inscricoes-para-renovacao-de-contratos-do-fies\/","title":{"rendered":"Governo prorroga at\u00e9 29 de maio inscri\u00e7\u00f5es para renova\u00e7\u00e3o de contratos do Fies"},"content":{"rendered":"<p><strong><em>Portaria com a mudan\u00e7a de prazo ser\u00e1 publicada amanh\u00e3 no Di\u00e1rio Oficial da Uni\u00e3o<\/em><\/strong><\/p>\n<p>O Minist\u00e9rio da Educa\u00e7\u00e3o (MEC) decidiu adiar o prazo para as renova\u00e7\u00f5es do Fundo de Financiamento Estudantil (Fies), que terminaria na pr\u00f3xima quinta-feira, at\u00e9 29 de maio. Para a ades\u00e3o de novos contratos, no entanto, a data est\u00e1 mantida em 30 de abril.<\/p>\n<p>Segundo o ministro da Educa\u00e7\u00e3o, Renato Janine Ribeiro, o MEC tomou essa decis\u00e3o, em conjunto com o Fundo Nacional de Desenvolvimento da Educa\u00e7\u00e3o (FNDE), \u201cpara dar mais seguran\u00e7a e tranquilidade aos estudantes que ainda buscam aditar seus contratos no sistema\u201d.<\/p>\n<p>A portaria com a mudan\u00e7a de prazo para a renova\u00e7\u00e3o dos contratos ser\u00e1 publicada amanh\u00e3 no Di\u00e1rio Oficial da Uni\u00e3o.<\/p>\n<p>Em entrevista ao programa &#8220;Bom Dia Ministro&#8221; &#8211; produzido pela EBC Servi\u00e7os em parceria com a Secretaria de Comunica\u00e7\u00e3o da Presid\u00eancia da Rep\u00fablica -, o ministro da Educa\u00e7\u00e3o, Renato Janine Ribeiro, reafirmou hoje que todos os contratos de financiamento ao ensino superior assinados no \u00e2mbito do programa federal Fies ser\u00e3o renovados.<\/p>\n<p>Fonte: O Globo \/ Renata Mariz<\/p>\n","protected":false},"excerpt":{"rendered":"<p>Portaria com a mudan\u00e7a de prazo ser\u00e1 publicada amanh\u00e3 no Di\u00e1rio Oficial da Uni\u00e3o O Minist\u00e9rio da Educa\u00e7\u00e3o (MEC) decidiu adiar o prazo para as&#8230;<\/p>\n","protected":false},"author":1182,"featured_media":3546,"comment_status":"closed","ping_status":"closed","sticky":false,"template":"","format":"standard","meta":{"footnotes":""},"categories":[6],"tags":[],"class_list":["post-11784","post","type-post","status-publish","format-standard","has-post-thumbnail","hentry","category-noticias"],"_links":{"self":[{"href":"https:\/\/www.sincomam.org.br\/index.php\/wp-json\/wp\/v2\/posts\/11784","targetHints":{"allow":["GET"]}}],"collection":[{"href":"https:\/\/www.sincomam.org.br\/index.php\/wp-json\/wp\/v2\/posts"}],"about":[{"href":"https:\/\/www.sincomam.org.br\/index.php\/wp-json\/wp\/v2\/types\/post"}],"author":[{"embeddable":true,"href":"https:\/\/www.sincomam.org.br\/index.php\/wp-json\/wp\/v2\/users\/1182"}],"replies":[{"embeddable":true,"href":"https:\/\/www.sincomam.org.br\/index.php\/wp-json\/wp\/v2\/comments?post=11784"}],"version-history":[{"count":1,"href":"https:\/\/www.sincomam.org.br\/index.php\/wp-json\/wp\/v2\/posts\/11784\/revisions"}],"predecessor-version":[{"id":11785,"href":"https:\/\/www.sincomam.org.br\/index.php\/wp-json\/wp\/v2\/posts\/11784\/revisions\/11785"}],"wp:featuredmedia":[{"embeddable":true,"href":"https:\/\/www.sincomam.org.br\/index.php\/wp-json\/wp\/v2\/media\/3546"}],"wp:attachment":[{"href":"https:\/\/www.sincomam.org.br\/index.php\/wp-json\/wp\/v2\/media?parent=11784"}],"wp:term":[{"taxonomy":"category","embeddable":true,"href":"https:\/\/www.sincomam.org.br\/index.php\/wp-json\/wp\/v2\/categories?post=11784"},{"taxonomy":"post_tag","embeddable":true,"href":"https:\/\/www.sincomam.org.br\/index.php\/wp-json\/wp\/v2\/tags?post=11784"}],"curies":[{"name":"wp","href":"https:\/\/api.w.org\/{rel}","templated":true}]}}