{"id":11782,"date":"2015-04-24T09:59:57","date_gmt":"2015-04-24T12:59:57","guid":{"rendered":"http:\/\/www.sincomam.org.br\/?p=11782"},"modified":"2015-04-24T10:00:11","modified_gmt":"2015-04-24T13:00:11","slug":"porto-de-antonina-tem-operacoes-impulsionadas-por-investimentos","status":"publish","type":"post","link":"https:\/\/www.sincomam.org.br\/index.php\/porto-de-antonina-tem-operacoes-impulsionadas-por-investimentos\/","title":{"rendered":"Porto de Antonina tem opera\u00e7\u00f5es impulsionadas por investimentos"},"content":{"rendered":"<p><strong><em>A expectativa para este ano \u00e9 que sejam carregadas 200 mil toneladas de a\u00e7\u00facar pelo terminal<\/em><\/strong><\/p>\n<p>O Porto de Antonina recebeu esta semana o segundo navio para carregar a\u00e7\u00facar. Foram embarcadas 14 mil toneladas do produto, com destino a Maurit\u00e2nia, no oeste da \u00c1frica. Agora j\u00e1 s\u00e3o 28 mil toneladas de volume embarcado at\u00e9 abril. A expectativa para este ano \u00e9 que sejam carregadas 200 mil toneladas pelo terminal.<\/p>\n<p>A opera\u00e7\u00e3o com a\u00e7\u00facar est\u00e1 sendo poss\u00edvel gra\u00e7as aos investimentos, de R$ 70,6 milh\u00f5es, feitos nos \u00faltimos quatros anos pela Appa (Administra\u00e7\u00e3o dos Portos de Paranagu\u00e1 e Antonina) no complexo portu\u00e1rio. A obra de dragagem aumentou a profundidade do canal de acesso ao porto de 7 metros para 9,3 metros. Com a dragagem, navios passaram a operar em sua m\u00e1xima capacidade.<\/p>\n<p>Nos navios de fertilizantes, a capacidade de carregamento em Antonina passa de 18 mil para 30 mil toneladas. No caso embarque de a\u00e7\u00facar, a movimenta\u00e7\u00e3o potencial passa de 14 mil toneladas para 20 mil toneladas.<\/p>\n<p>Segundo o diretor comercial do Terminal Ponta do F\u00e9lix, C\u00edcero Simi\u00e3o, o navio Skyros, que vai descarregar o a\u00e7\u00facar ensacado na Maurit\u00e2nia, bateu recorde de produtividade nos primeiros dias de carregamento. Em apenas um turno de seis horas, foram embarcadas 1,2 mil toneladas de a\u00e7\u00facar. \u201cEstamos mais uma vez mostrando o potencial do terminal, elevando a sua capacidade para 4 mil toneladas por dia\u201d, afirma Simi\u00e3o.<\/p>\n<p>Fonte: Guia Mar\u00edtimo<\/p>\n","protected":false},"excerpt":{"rendered":"<p>A expectativa para este ano \u00e9 que sejam carregadas 200 mil toneladas de a\u00e7\u00facar pelo terminal O Porto de Antonina recebeu esta semana o segundo&#8230;<\/p>\n","protected":false},"author":1182,"featured_media":8702,"comment_status":"closed","ping_status":"closed","sticky":false,"template":"","format":"standard","meta":{"footnotes":""},"categories":[6],"tags":[],"class_list":["post-11782","post","type-post","status-publish","format-standard","has-post-thumbnail","hentry","category-noticias"],"_links":{"self":[{"href":"https:\/\/www.sincomam.org.br\/index.php\/wp-json\/wp\/v2\/posts\/11782","targetHints":{"allow":["GET"]}}],"collection":[{"href":"https:\/\/www.sincomam.org.br\/index.php\/wp-json\/wp\/v2\/posts"}],"about":[{"href":"https:\/\/www.sincomam.org.br\/index.php\/wp-json\/wp\/v2\/types\/post"}],"author":[{"embeddable":true,"href":"https:\/\/www.sincomam.org.br\/index.php\/wp-json\/wp\/v2\/users\/1182"}],"replies":[{"embeddable":true,"href":"https:\/\/www.sincomam.org.br\/index.php\/wp-json\/wp\/v2\/comments?post=11782"}],"version-history":[{"count":1,"href":"https:\/\/www.sincomam.org.br\/index.php\/wp-json\/wp\/v2\/posts\/11782\/revisions"}],"predecessor-version":[{"id":11783,"href":"https:\/\/www.sincomam.org.br\/index.php\/wp-json\/wp\/v2\/posts\/11782\/revisions\/11783"}],"wp:featuredmedia":[{"embeddable":true,"href":"https:\/\/www.sincomam.org.br\/index.php\/wp-json\/wp\/v2\/media\/8702"}],"wp:attachment":[{"href":"https:\/\/www.sincomam.org.br\/index.php\/wp-json\/wp\/v2\/media?parent=11782"}],"wp:term":[{"taxonomy":"category","embeddable":true,"href":"https:\/\/www.sincomam.org.br\/index.php\/wp-json\/wp\/v2\/categories?post=11782"},{"taxonomy":"post_tag","embeddable":true,"href":"https:\/\/www.sincomam.org.br\/index.php\/wp-json\/wp\/v2\/tags?post=11782"}],"curies":[{"name":"wp","href":"https:\/\/api.w.org\/{rel}","templated":true}]}}