{"id":11780,"date":"2015-04-24T09:56:47","date_gmt":"2015-04-24T12:56:47","guid":{"rendered":"http:\/\/www.sincomam.org.br\/?p=11780"},"modified":"2015-04-24T09:56:47","modified_gmt":"2015-04-24T12:56:47","slug":"brasil-congela-programa-de-compra-de-navios-militares","status":"publish","type":"post","link":"https:\/\/www.sincomam.org.br\/index.php\/brasil-congela-programa-de-compra-de-navios-militares\/","title":{"rendered":"Brasil congela programa de compra de navios militares"},"content":{"rendered":"<p>O Brasil adiou o programa Prosuper, por meio do qual pretende comprar 11 navios de guerra para a Marinha, devido \u00e0 crise econ\u00f4mica que o pa\u00eds atravessa, afirmou nesta quarta-feira o ministro da Defesa, Jaques Wagner.<\/p>\n<p>Em entrevista coletiva na feira de defesa LAAD, Wagner disse que \u201cn\u00e3o \u00e9 razo\u00e1vel\u201d planejar novas aquisi\u00e7\u00f5es de navios neste ano devido ao programa de ajustes or\u00e7ament\u00e1rios realizado pelo governo.<\/p>\n<p>O comandante da Marinha, o almirante Eduardo Barcellar Leal Ferreira, afirmou que a licita\u00e7\u00e3o, da qual participam sete pa\u00edses, \u201cn\u00e3o est\u00e1 conclu\u00edda\u201d e ratificou que o processo est\u00e1 \u201cmomentaneamente paralisado\u201d.<\/p>\n<p>O programa Prosuper prev\u00ea a compra de cinco navios-patrulha oce\u00e2nicos de 1.800 toneladas, cinco navios fragata de cerca de 6.000 toneladas e um navio de apoio log\u00edstico de 24.000 toneladas, que ter\u00e3o que ser fabricados em estaleiros brasileiros.<\/p>\n<p>Os sete estaleiros que apresentaram propostas comerciais s\u00e3o Thyssenkrupp (Alemanha), DSME (Coreia do Sul), Navantia (Espanha), DCNS (Fran\u00e7a), Damen (Holanda), Ficantieri (It\u00e1lia) e BAE (Reino Unido).<\/p>\n<p>O ministro tamb\u00e9m informou que, devido \u00e0 crise econ\u00f4mica, foi reduzido o ritmo de produ\u00e7\u00e3o dos 50 helic\u00f3pteros EC725, que o pa\u00eds fabrica em associa\u00e7\u00e3o com a Eurocopter para equipar \u00e0 For\u00e7a A\u00e9rea.<\/p>\n<p>A LAAD \u00e9 a maior feira de defesa e seguran\u00e7a da Am\u00e9rica Latina e re\u00fane delega\u00e7\u00f5es oficiais e cerca de 650 expositores de 71 pa\u00edses.<\/p>\n<p>A feira come\u00e7ou ontem, no centro de conven\u00e7\u00f5es Riocentro, no Rio de Janeiro, e terminar\u00e1 na pr\u00f3xima sexta-feira.<\/p>\n<p>Fonte: EFE<\/p>\n","protected":false},"excerpt":{"rendered":"<p>O Brasil adiou o programa Prosuper, por meio do qual pretende comprar 11 navios de guerra para a Marinha, devido \u00e0 crise econ\u00f4mica que o&#8230;<\/p>\n","protected":false},"author":1182,"featured_media":0,"comment_status":"closed","ping_status":"closed","sticky":false,"template":"","format":"standard","meta":{"footnotes":""},"categories":[6],"tags":[],"class_list":["post-11780","post","type-post","status-publish","format-standard","hentry","category-noticias"],"_links":{"self":[{"href":"https:\/\/www.sincomam.org.br\/index.php\/wp-json\/wp\/v2\/posts\/11780","targetHints":{"allow":["GET"]}}],"collection":[{"href":"https:\/\/www.sincomam.org.br\/index.php\/wp-json\/wp\/v2\/posts"}],"about":[{"href":"https:\/\/www.sincomam.org.br\/index.php\/wp-json\/wp\/v2\/types\/post"}],"author":[{"embeddable":true,"href":"https:\/\/www.sincomam.org.br\/index.php\/wp-json\/wp\/v2\/users\/1182"}],"replies":[{"embeddable":true,"href":"https:\/\/www.sincomam.org.br\/index.php\/wp-json\/wp\/v2\/comments?post=11780"}],"version-history":[{"count":1,"href":"https:\/\/www.sincomam.org.br\/index.php\/wp-json\/wp\/v2\/posts\/11780\/revisions"}],"predecessor-version":[{"id":11781,"href":"https:\/\/www.sincomam.org.br\/index.php\/wp-json\/wp\/v2\/posts\/11780\/revisions\/11781"}],"wp:attachment":[{"href":"https:\/\/www.sincomam.org.br\/index.php\/wp-json\/wp\/v2\/media?parent=11780"}],"wp:term":[{"taxonomy":"category","embeddable":true,"href":"https:\/\/www.sincomam.org.br\/index.php\/wp-json\/wp\/v2\/categories?post=11780"},{"taxonomy":"post_tag","embeddable":true,"href":"https:\/\/www.sincomam.org.br\/index.php\/wp-json\/wp\/v2\/tags?post=11780"}],"curies":[{"name":"wp","href":"https:\/\/api.w.org\/{rel}","templated":true}]}}