{"id":11774,"date":"2015-04-24T09:46:20","date_gmt":"2015-04-24T12:46:20","guid":{"rendered":"http:\/\/www.sincomam.org.br\/?p=11774"},"modified":"2015-04-24T09:46:20","modified_gmt":"2015-04-24T12:46:20","slug":"movimentacao-de-carga-no-1o-tri-bate-recorde-em-santos","status":"publish","type":"post","link":"https:\/\/www.sincomam.org.br\/index.php\/movimentacao-de-carga-no-1o-tri-bate-recorde-em-santos\/","title":{"rendered":"Movimenta\u00e7\u00e3o de carga no 1\u00ba tri bate recorde em Santos"},"content":{"rendered":"<p>A movimenta\u00e7\u00e3o de cargas pelo porto de Santos no primeiro trimestre do ano atingiu recorde para o per\u00edodo, apesar de uma queda de quase 10 por cento na movimenta\u00e7\u00e3o de produtos do complexo soja, informou a administra\u00e7\u00e3o portu\u00e1ria nesta quinta-feira.<\/p>\n<p>O complexo soja (farelo e gr\u00e3o) representa o maior volume movimentado no principal porto do pa\u00eds, com 5,2 milh\u00f5es de toneladas exportadas nos tr\u00eas primeiros meses do ano.<\/p>\n<p>No primeiro trimestre, o porto sofreu o impacto de greves de caminhoneiros, entre o final de fevereiro e mar\u00e7o, que reduziram o fluxo de cargas, al\u00e9m de um atraso no in\u00edcio da colheita de soja no pa\u00eds.<\/p>\n<p>Em mar\u00e7o, os embarques do complexo soja recuaram 20 por cento ante o mesmo m\u00eas do ano passado, para 2,95 milh\u00f5es de toneladas.<\/p>\n<p>A movimenta\u00e7\u00e3o total de cargas pelo porto somou no primeiro trimestre 26,3 milh\u00f5es de toneladas, alta de 4,9 por cento sobre o mesmo per\u00edodo do ano passado.<\/p>\n<p>As exporta\u00e7\u00f5es no per\u00edodo atingiram 18,2 milh\u00f5es de toneladas, crescimento de 3,8 por cento. J\u00e1 as importa\u00e7\u00f5es foram de 8,2 milh\u00f5es de toneladas, avan\u00e7o de 7,2 por cento na mesma compara\u00e7\u00e3o.<\/p>\n<p>A soja em gr\u00e3os, apesar de apresentar redu\u00e7\u00e3o de 16,8 por cento no trimestre, foi o produto de maior movimento, atingindo 4,2 milh\u00f5es de toneladas. O a\u00e7\u00facar ocupou a segunda posi\u00e7\u00e3o entre as principais cargas movimentadas, com 3,7 milh\u00f5es de toneladas (+3,6 por cento).<\/p>\n<p>Os embarques de celulose chegaram a 856.452 toneladas, alta de 1,4 por cento.<\/p>\n<p>Nas importa\u00e7\u00f5es, o destaque foi para o min\u00e9rio de ferro, com 221.130 toneladas, salto de 475,5 por cento, segundo o porto. As importa\u00e7\u00f5es desse produto s\u00e3o destinadas \u00e0 Usiminas, para utiliza\u00e7\u00e3o no processo sider\u00fargico.<\/p>\n<p>Fonte: A Cidade\/Reuters\/Roberto Samora<\/p>\n","protected":false},"excerpt":{"rendered":"<p>A movimenta\u00e7\u00e3o de cargas pelo porto de Santos no primeiro trimestre do ano atingiu recorde para o per\u00edodo, apesar de uma queda de quase 10&#8230;<\/p>\n","protected":false},"author":1182,"featured_media":0,"comment_status":"closed","ping_status":"closed","sticky":false,"template":"","format":"standard","meta":{"footnotes":""},"categories":[6],"tags":[],"class_list":["post-11774","post","type-post","status-publish","format-standard","hentry","category-noticias"],"_links":{"self":[{"href":"https:\/\/www.sincomam.org.br\/index.php\/wp-json\/wp\/v2\/posts\/11774","targetHints":{"allow":["GET"]}}],"collection":[{"href":"https:\/\/www.sincomam.org.br\/index.php\/wp-json\/wp\/v2\/posts"}],"about":[{"href":"https:\/\/www.sincomam.org.br\/index.php\/wp-json\/wp\/v2\/types\/post"}],"author":[{"embeddable":true,"href":"https:\/\/www.sincomam.org.br\/index.php\/wp-json\/wp\/v2\/users\/1182"}],"replies":[{"embeddable":true,"href":"https:\/\/www.sincomam.org.br\/index.php\/wp-json\/wp\/v2\/comments?post=11774"}],"version-history":[{"count":1,"href":"https:\/\/www.sincomam.org.br\/index.php\/wp-json\/wp\/v2\/posts\/11774\/revisions"}],"predecessor-version":[{"id":11775,"href":"https:\/\/www.sincomam.org.br\/index.php\/wp-json\/wp\/v2\/posts\/11774\/revisions\/11775"}],"wp:attachment":[{"href":"https:\/\/www.sincomam.org.br\/index.php\/wp-json\/wp\/v2\/media?parent=11774"}],"wp:term":[{"taxonomy":"category","embeddable":true,"href":"https:\/\/www.sincomam.org.br\/index.php\/wp-json\/wp\/v2\/categories?post=11774"},{"taxonomy":"post_tag","embeddable":true,"href":"https:\/\/www.sincomam.org.br\/index.php\/wp-json\/wp\/v2\/tags?post=11774"}],"curies":[{"name":"wp","href":"https:\/\/api.w.org\/{rel}","templated":true}]}}