{"id":11772,"date":"2015-04-24T09:26:56","date_gmt":"2015-04-24T12:26:56","guid":{"rendered":"http:\/\/www.sincomam.org.br\/?p=11772"},"modified":"2015-04-24T09:26:56","modified_gmt":"2015-04-24T12:26:56","slug":"apos-balanco-da-petrobras-pezao-espera-retomada-de-obras-do-comperj","status":"publish","type":"post","link":"https:\/\/www.sincomam.org.br\/index.php\/apos-balanco-da-petrobras-pezao-espera-retomada-de-obras-do-comperj\/","title":{"rendered":"Ap\u00f3s balan\u00e7o da Petrobras, pez\u00e3o espera retomada de obras do Comperj"},"content":{"rendered":"<p>O governador do Rio de Janeiro, Luiz Fernando Pez\u00e3o (PMDB), disse na ter\u00e7a-feira que, com a divulga\u00e7\u00e3o do balan\u00e7o da Petrobras, espera que sejam retomadas de obras paralisadas como \u00e9 o caso do Complexo Petrol\u00edfero do Rio de Janeiro (Comperj).<\/p>\n<p>\u201c\u00c9 muito importante que a Petrobras volte a funcionar, volte com as obras de Comperj. A cidade passa por um momento muito dif\u00edcil e \u00e9 uma obra que est\u00e1 quase 90% pronta, falta muito pouco para acabar\u201d, afirmou Pez\u00e3o ao chegar ao Minist\u00e9rio da Fazenda para encontro com o ministro Joaquim Levy.<\/p>\n<p>Segundo o governador, o presidente do Petrobras, Aldemir Bendine, e o diretor-financeiro da companhia, Ivan Monteiro, sempre pediam um prazo para a publica\u00e7\u00e3o do balan\u00e7o em conversas sobre retomada da obra.<\/p>\n<p>\u201cAgora, eu acho que \u00e9 outra fase. [De] come\u00e7ar a negociar porque a Petrobras \u00e9 importante para o pa\u00eds, mas ela \u00e9 muito mais importante para o Rio. A gente est\u00e1 sofrendo muito com a paralisa\u00e7\u00e3o das atividades\u201d, destacou Pez\u00e3o. \u201cN\u00e3o tenho d\u00favida nenhuma [de que as obras paradas v\u00e3o come\u00e7ar a destravar]. Hoje a gente j\u00e1 v\u00ea notas do Bendine de que ele vai terminar a Comperj\u201d, acrescentou.<\/p>\n<p>Pez\u00e3o n\u00e3o quis comentar sobre o preju\u00edzo l\u00edquido da Petrobras, de R$ 21,6 bilh\u00f5es no ano passado, sendo que foi registrada uma baixa cont\u00e1bil de R$ 6,2 bilh\u00f5es referentes \u00e0s perdas por corrup\u00e7\u00e3o. \u201cN\u00e3o tive mais detalhes. Foi ontem \u00e0 noite\u201d, disse.<\/p>\n<p>Questionado sobre um eventual embara\u00e7o pela qual passa a empresa, o governador do Rio evitou responder:\u00a0 \u201cJ\u00e1 tenho tanto problema no Estado. Isso \u00e9 com o governo federal\u201d. Ontem, o presidente da Petrobras pediu desculpas \u00e0 popula\u00e7\u00e3o pelos \u201cmalfeitos\u201d na empresa.<\/p>\n<p>Fonte: Valor Econ\u00f4mico\/Edna Sim\u00e3o e Lucas Marchesini<\/p>\n","protected":false},"excerpt":{"rendered":"<p>O governador do Rio de Janeiro, Luiz Fernando Pez\u00e3o (PMDB), disse na ter\u00e7a-feira que, com a divulga\u00e7\u00e3o do balan\u00e7o da Petrobras, espera que sejam retomadas&#8230;<\/p>\n","protected":false},"author":1182,"featured_media":4139,"comment_status":"closed","ping_status":"closed","sticky":false,"template":"","format":"standard","meta":{"footnotes":""},"categories":[6],"tags":[],"class_list":["post-11772","post","type-post","status-publish","format-standard","has-post-thumbnail","hentry","category-noticias"],"_links":{"self":[{"href":"https:\/\/www.sincomam.org.br\/index.php\/wp-json\/wp\/v2\/posts\/11772","targetHints":{"allow":["GET"]}}],"collection":[{"href":"https:\/\/www.sincomam.org.br\/index.php\/wp-json\/wp\/v2\/posts"}],"about":[{"href":"https:\/\/www.sincomam.org.br\/index.php\/wp-json\/wp\/v2\/types\/post"}],"author":[{"embeddable":true,"href":"https:\/\/www.sincomam.org.br\/index.php\/wp-json\/wp\/v2\/users\/1182"}],"replies":[{"embeddable":true,"href":"https:\/\/www.sincomam.org.br\/index.php\/wp-json\/wp\/v2\/comments?post=11772"}],"version-history":[{"count":1,"href":"https:\/\/www.sincomam.org.br\/index.php\/wp-json\/wp\/v2\/posts\/11772\/revisions"}],"predecessor-version":[{"id":11773,"href":"https:\/\/www.sincomam.org.br\/index.php\/wp-json\/wp\/v2\/posts\/11772\/revisions\/11773"}],"wp:featuredmedia":[{"embeddable":true,"href":"https:\/\/www.sincomam.org.br\/index.php\/wp-json\/wp\/v2\/media\/4139"}],"wp:attachment":[{"href":"https:\/\/www.sincomam.org.br\/index.php\/wp-json\/wp\/v2\/media?parent=11772"}],"wp:term":[{"taxonomy":"category","embeddable":true,"href":"https:\/\/www.sincomam.org.br\/index.php\/wp-json\/wp\/v2\/categories?post=11772"},{"taxonomy":"post_tag","embeddable":true,"href":"https:\/\/www.sincomam.org.br\/index.php\/wp-json\/wp\/v2\/tags?post=11772"}],"curies":[{"name":"wp","href":"https:\/\/api.w.org\/{rel}","templated":true}]}}