{"id":11764,"date":"2015-04-22T11:37:22","date_gmt":"2015-04-22T14:37:22","guid":{"rendered":"http:\/\/www.sincomam.org.br\/?p=11764"},"modified":"2015-04-22T11:37:22","modified_gmt":"2015-04-22T14:37:22","slug":"porto-de-itajai-enfrenta-queda-na-movimentacao-no-primeiro-trimestre","status":"publish","type":"post","link":"https:\/\/www.sincomam.org.br\/index.php\/porto-de-itajai-enfrenta-queda-na-movimentacao-no-primeiro-trimestre\/","title":{"rendered":"Porto de Itaja\u00ed enfrenta queda na movimenta\u00e7\u00e3o no primeiro trimestre"},"content":{"rendered":"<p>O Porto de Itaja\u00ed enfrenta problemas no come\u00e7o de 2015. No complexo a movimenta\u00e7\u00e3o teve retra\u00e7\u00e3o nos meses de janeiro, fevereiro e mar\u00e7o ficando em 8%, no trimestre. Somou 241,74 mil TEUs (unidade internacional equivalente a um cont\u00eainer de 20 p\u00e9s), sendo que no mesmo per\u00edodo do ano passado foram operados 263,87 mil TEUs.<\/p>\n<p>O volume operado pela APM Terminals no trimestre somou 95,43 mil TEUs, uma queda de 7% em rela\u00e7\u00e3o a 2014, onde o terminal movimentou 102,23 mil TEUs. J\u00e1 as opera\u00e7\u00f5es da Portonave \u2013 Terminal Portu\u00e1rio Navegantes S\/A nos meses de janeiro, fevereiro e mar\u00e7o deste ano ficaram em 146,31 mil TEUs, com decr\u00e9scimo de 9% em rela\u00e7\u00e3o aos 161,63 mil TEUs registrados no primeiro trimestre do ano passado.<\/p>\n<p>Para o diretor Administrativo-Financeiro do Porto de Itaja\u00ed, Heder Cassiano Moritz \u201cEsse recuo na movimenta\u00e7\u00e3o de cargas a partir de 2015 j\u00e1 era previsto como impacto das limita\u00e7\u00f5es de nossa bacia de manobras e canais de acesso, agravado pela atual conjuntura econ\u00f4mica brasileira e mundial\u201d, afirma.<\/p>\n<p>Para o superintendente do Porto de Itaja\u00ed, engenheiro Antonio Ayres dos Santos J\u00fanior, melhorias na infraestrutura do terminal devem ser feitas para receber as novas demandas\u00a0 \u201cO mercado da navega\u00e7\u00e3o \u00e9 muito din\u00e2mico e os armadores est\u00e3o aumentando o tamanho dos navios para redu\u00e7\u00e3o de custos e otimiza\u00e7\u00e3o das escalas\u201d, diz Ayres.<\/p>\n<p>Um projeto para aumentar a capacidade operacional de 305 para 335 metros j\u00e1 est\u00e1 na primeira etapa de elabora\u00e7\u00e3o projetos executivos e deve ser iniciada em at\u00e9 60 dias.<\/p>\n<p>Fonte: Tribuna Online<\/p>\n","protected":false},"excerpt":{"rendered":"<p>O Porto de Itaja\u00ed enfrenta problemas no come\u00e7o de 2015. No complexo a movimenta\u00e7\u00e3o teve retra\u00e7\u00e3o nos meses de janeiro, fevereiro e mar\u00e7o ficando em&#8230;<\/p>\n","protected":false},"author":1182,"featured_media":6990,"comment_status":"closed","ping_status":"closed","sticky":false,"template":"","format":"standard","meta":{"footnotes":""},"categories":[6],"tags":[],"class_list":["post-11764","post","type-post","status-publish","format-standard","has-post-thumbnail","hentry","category-noticias"],"_links":{"self":[{"href":"https:\/\/www.sincomam.org.br\/index.php\/wp-json\/wp\/v2\/posts\/11764","targetHints":{"allow":["GET"]}}],"collection":[{"href":"https:\/\/www.sincomam.org.br\/index.php\/wp-json\/wp\/v2\/posts"}],"about":[{"href":"https:\/\/www.sincomam.org.br\/index.php\/wp-json\/wp\/v2\/types\/post"}],"author":[{"embeddable":true,"href":"https:\/\/www.sincomam.org.br\/index.php\/wp-json\/wp\/v2\/users\/1182"}],"replies":[{"embeddable":true,"href":"https:\/\/www.sincomam.org.br\/index.php\/wp-json\/wp\/v2\/comments?post=11764"}],"version-history":[{"count":1,"href":"https:\/\/www.sincomam.org.br\/index.php\/wp-json\/wp\/v2\/posts\/11764\/revisions"}],"predecessor-version":[{"id":11765,"href":"https:\/\/www.sincomam.org.br\/index.php\/wp-json\/wp\/v2\/posts\/11764\/revisions\/11765"}],"wp:featuredmedia":[{"embeddable":true,"href":"https:\/\/www.sincomam.org.br\/index.php\/wp-json\/wp\/v2\/media\/6990"}],"wp:attachment":[{"href":"https:\/\/www.sincomam.org.br\/index.php\/wp-json\/wp\/v2\/media?parent=11764"}],"wp:term":[{"taxonomy":"category","embeddable":true,"href":"https:\/\/www.sincomam.org.br\/index.php\/wp-json\/wp\/v2\/categories?post=11764"},{"taxonomy":"post_tag","embeddable":true,"href":"https:\/\/www.sincomam.org.br\/index.php\/wp-json\/wp\/v2\/tags?post=11764"}],"curies":[{"name":"wp","href":"https:\/\/api.w.org\/{rel}","templated":true}]}}