{"id":11753,"date":"2015-04-22T11:07:35","date_gmt":"2015-04-22T14:07:35","guid":{"rendered":"http:\/\/www.sincomam.org.br\/?p=11753"},"modified":"2015-04-22T11:07:35","modified_gmt":"2015-04-22T14:07:35","slug":"ecobrasil-2015-abordara-desempenho-ambiental-do-setor-portuario","status":"publish","type":"post","link":"https:\/\/www.sincomam.org.br\/index.php\/ecobrasil-2015-abordara-desempenho-ambiental-do-setor-portuario\/","title":{"rendered":"Ecobrasil 2015 abordar\u00e1 desempenho ambiental do setor portu\u00e1rio"},"content":{"rendered":"<p>Terminam nos pr\u00f3ximos dias as inscri\u00e7\u00f5es para o 11\u00ba Semin\u00e1rio Nacional sobre Ind\u00fastria Mar\u00edtima e Meio Ambiente. O Ecobrasil 2015 tem na pauta deste ano temas como a regulariza\u00e7\u00e3o ambiental dos portos, os projetos de dragagem nos portos p\u00fablicos e iniciativas para melhorias de gest\u00e3o das administra\u00e7\u00f5es portu\u00e1rias. O principal evento do setor portu\u00e1rio na \u00e1rea ambiental acontece nos dias 7 e 8 de maio de 2015, no Rio de Janeiro.<\/p>\n<p>O primeiro dia do semin\u00e1rio tratar\u00e1 de temas atuais como os aspectos ambientais da lei 12.815\/13 e a regulariza\u00e7\u00e3o ambiental dos portos, com a participa\u00e7\u00e3o de Uir\u00e1 Oliveira, \u200ecoordenador-geral de gest\u00e3o ambiental, sa\u00fade e seguran\u00e7a da Secretaria de Portos (SEP). Em outro painel, a coordenadora de portos, aeroportos, hidrovias do Instituto Brasileiro do Meio Ambiente e dos Recursos Naturais Renov\u00e1veis (Ibama), Mariana Graciosa Pereira falar\u00e1 sobre instrumentos internacionais que podem contribuir com o licenciamento e a gest\u00e3o ambiental dos portos.<\/p>\n<p>No mesmo dia, o diretor adjunto do Instituto Nacional de Pesquisas Hidrovi\u00e1rias (INPH), Domenico Accetta, far\u00e1 considera\u00e7\u00f5es sobre os aspectos ambientais em palestra sobre a concess\u00e3o dos canais de acesso aos portos organizados. A import\u00e2ncia da base de dados para o licenciamento ambiental de terminais portu\u00e1rios ser\u00e1 o assunto da palestra do diretor da Acquaplan Tecnologia e Consultoria Ambiental, Fernando Diehl.<\/p>\n<p>O segundo dia trar\u00e1 casos de conceitos importantes na rela\u00e7\u00e3o porto-cidade, como o projeto Porto Maravilha. O coordenador do Geoportos, grupo de pesquisa em geografia portu\u00e1ria na UFRJ, Fr\u00e9d\u00e9ric Moni\u00e9, far\u00e1 apresenta\u00e7\u00e3o sobre as cidades portu\u00e1rias diante dos imperativos do desenvolvimento socioecon\u00f4mico e da sustentabilidade ambiental.<\/p>\n<p>J\u00e1 o especialista em regula\u00e7\u00e3o na Ag\u00eancia Nacional de Transportes Aquavi\u00e1rios (Antaq), Igor Moura, falar\u00e1 sobre a interfer\u00eancia de perigos costeiros na presta\u00e7\u00e3o de servi\u00e7os portu\u00e1rios no Brasil. Outras quest\u00f5es de seguran\u00e7a marinha v\u00e3o ser abordadas em palestra sobre o plano de \u00e1rea para acidentes com \u00f3leo no mar do porto de S\u00e3o Sebasti\u00e3o (SP).<\/p>\n<p>O Ecobrasil 2015 \u00e9 organizado pela Revista Portos e Navios e tem a coordena\u00e7\u00e3o t\u00e9cnica de Heitor Ciuffo, da Cisporto Consultoria. Mais informa\u00e7\u00f5es pelo email: ecobrasil@portosenavios.com.br.<\/p>\n<p>Fonte: Portos e Navios<\/p>\n","protected":false},"excerpt":{"rendered":"<p>Terminam nos pr\u00f3ximos dias as inscri\u00e7\u00f5es para o 11\u00ba Semin\u00e1rio Nacional sobre Ind\u00fastria Mar\u00edtima e Meio Ambiente. O Ecobrasil 2015 tem na pauta deste ano&#8230;<\/p>\n","protected":false},"author":1182,"featured_media":0,"comment_status":"closed","ping_status":"closed","sticky":false,"template":"","format":"standard","meta":{"footnotes":""},"categories":[6],"tags":[],"class_list":["post-11753","post","type-post","status-publish","format-standard","hentry","category-noticias"],"_links":{"self":[{"href":"https:\/\/www.sincomam.org.br\/index.php\/wp-json\/wp\/v2\/posts\/11753","targetHints":{"allow":["GET"]}}],"collection":[{"href":"https:\/\/www.sincomam.org.br\/index.php\/wp-json\/wp\/v2\/posts"}],"about":[{"href":"https:\/\/www.sincomam.org.br\/index.php\/wp-json\/wp\/v2\/types\/post"}],"author":[{"embeddable":true,"href":"https:\/\/www.sincomam.org.br\/index.php\/wp-json\/wp\/v2\/users\/1182"}],"replies":[{"embeddable":true,"href":"https:\/\/www.sincomam.org.br\/index.php\/wp-json\/wp\/v2\/comments?post=11753"}],"version-history":[{"count":1,"href":"https:\/\/www.sincomam.org.br\/index.php\/wp-json\/wp\/v2\/posts\/11753\/revisions"}],"predecessor-version":[{"id":11754,"href":"https:\/\/www.sincomam.org.br\/index.php\/wp-json\/wp\/v2\/posts\/11753\/revisions\/11754"}],"wp:attachment":[{"href":"https:\/\/www.sincomam.org.br\/index.php\/wp-json\/wp\/v2\/media?parent=11753"}],"wp:term":[{"taxonomy":"category","embeddable":true,"href":"https:\/\/www.sincomam.org.br\/index.php\/wp-json\/wp\/v2\/categories?post=11753"},{"taxonomy":"post_tag","embeddable":true,"href":"https:\/\/www.sincomam.org.br\/index.php\/wp-json\/wp\/v2\/tags?post=11753"}],"curies":[{"name":"wp","href":"https:\/\/api.w.org\/{rel}","templated":true}]}}