{"id":11733,"date":"2015-04-20T08:11:08","date_gmt":"2015-04-20T11:11:08","guid":{"rendered":"http:\/\/www.sincomam.org.br\/?p=11733"},"modified":"2015-04-20T10:21:53","modified_gmt":"2015-04-20T13:21:53","slug":"navio-veleiro-da-marinha-atrai-multidao-ao-comercio-de-salvador","status":"publish","type":"post","link":"https:\/\/www.sincomam.org.br\/index.php\/navio-veleiro-da-marinha-atrai-multidao-ao-comercio-de-salvador\/","title":{"rendered":"Navio veleiro da Marinha atrai multid\u00e3o ao Com\u00e9rcio de Salvador"},"content":{"rendered":"<p>No \u00faltimo dia de visita\u00e7\u00e3o p\u00fablica, o navio veleiro Cisne Branco, da Marinha do Brasil, atraiu uma multid\u00e3o, na tarde deste domingo, 19, ao Porto de Salvador, no Com\u00e9rcio, em Salvador. Devido ao alto n\u00famero de pessoas e ao calor,\u00a0 muita gente desistiu de entrar.<\/p>\n<p>De acordo com o marinheiro Douglas de Souza Santos, at\u00e9 as 16h30 deste domingo, cerca de cinco mil pessoas havia visitado a embarca\u00e7\u00e3o. A espera na fila durou, em m\u00e9dia, uma hora e meia.<\/p>\n<p>A advogada D\u00e9bora do Nascimento Gomes, 47 anos, acompanhada do filho Breno Coelho Gomes, 5, n\u00e3o suportou e foi embora. &#8220;A fila est\u00e1 enorme e o sol muito quente. Aqui n\u00e3o tem nenhuma sombra e meu filho n\u00e3o est\u00e1 se sentindo bem. Uma pena&#8221;, disse.<\/p>\n<p>Constru\u00eddo na Holanda, o Cisne Branco \u00e9 um veleiro do tipo &#8220;tall ship&#8221; (navio alto), com mastros que chegam aos 40 metros. Ele foi lan\u00e7ado ao mar em fevereiro de 2000, quando fez a primeira viagem, percorrendo a Rota do Descobrimento, de Portugal ao Brasil.<\/p>\n<p>Salvador \u00e9 um dos 14 portos a serem visitados pelo navio em 2015. O objetivo \u00e9 estreitar os la\u00e7os de amizade entre a Marinha do Brasil e as &#8220;marinhas amigas&#8221; de outras partes do mundo.<\/p>\n<p>Fonte: A tarde.com \/ Jair Mendon\u00e7a Jr.<br \/>Foto: Divulga\u00e7\u00e3o<\/p>\n","protected":false},"excerpt":{"rendered":"<p>No \u00faltimo dia de visita\u00e7\u00e3o p\u00fablica, o navio veleiro Cisne Branco, da Marinha do Brasil, atraiu uma multid\u00e3o, na tarde deste domingo, 19, ao Porto&#8230;<\/p>\n","protected":false},"author":1182,"featured_media":11734,"comment_status":"closed","ping_status":"closed","sticky":false,"template":"","format":"standard","meta":{"footnotes":""},"categories":[6],"tags":[],"class_list":["post-11733","post","type-post","status-publish","format-standard","has-post-thumbnail","hentry","category-noticias"],"_links":{"self":[{"href":"https:\/\/www.sincomam.org.br\/index.php\/wp-json\/wp\/v2\/posts\/11733","targetHints":{"allow":["GET"]}}],"collection":[{"href":"https:\/\/www.sincomam.org.br\/index.php\/wp-json\/wp\/v2\/posts"}],"about":[{"href":"https:\/\/www.sincomam.org.br\/index.php\/wp-json\/wp\/v2\/types\/post"}],"author":[{"embeddable":true,"href":"https:\/\/www.sincomam.org.br\/index.php\/wp-json\/wp\/v2\/users\/1182"}],"replies":[{"embeddable":true,"href":"https:\/\/www.sincomam.org.br\/index.php\/wp-json\/wp\/v2\/comments?post=11733"}],"version-history":[{"count":1,"href":"https:\/\/www.sincomam.org.br\/index.php\/wp-json\/wp\/v2\/posts\/11733\/revisions"}],"predecessor-version":[{"id":11735,"href":"https:\/\/www.sincomam.org.br\/index.php\/wp-json\/wp\/v2\/posts\/11733\/revisions\/11735"}],"wp:featuredmedia":[{"embeddable":true,"href":"https:\/\/www.sincomam.org.br\/index.php\/wp-json\/wp\/v2\/media\/11734"}],"wp:attachment":[{"href":"https:\/\/www.sincomam.org.br\/index.php\/wp-json\/wp\/v2\/media?parent=11733"}],"wp:term":[{"taxonomy":"category","embeddable":true,"href":"https:\/\/www.sincomam.org.br\/index.php\/wp-json\/wp\/v2\/categories?post=11733"},{"taxonomy":"post_tag","embeddable":true,"href":"https:\/\/www.sincomam.org.br\/index.php\/wp-json\/wp\/v2\/tags?post=11733"}],"curies":[{"name":"wp","href":"https:\/\/api.w.org\/{rel}","templated":true}]}}