{"id":11729,"date":"2015-04-20T08:23:03","date_gmt":"2015-04-20T11:23:03","guid":{"rendered":"http:\/\/www.sincomam.org.br\/?p=11729"},"modified":"2015-04-20T09:58:23","modified_gmt":"2015-04-20T12:58:23","slug":"internacional-ue-faz-reuniao-de-emergencia-sobre-tragedia-com-imigrantes","status":"publish","type":"post","link":"https:\/\/www.sincomam.org.br\/index.php\/internacional-ue-faz-reuniao-de-emergencia-sobre-tragedia-com-imigrantes\/","title":{"rendered":"Internacional: UE faz reuni\u00e3o de emerg\u00eancia sobre trag\u00e9dia com imigrantes"},"content":{"rendered":"<p><strong><em>At\u00e9 950 pessoas podem ter morrido em um naufr\u00e1gio perto da costa da L\u00edbia na madrugada de domingo<\/em><\/strong><\/p>\n<p>Um dia depois de mais uma trag\u00e9dia no Mediterr\u00e2neo, chanceleres da Uni\u00e3o Europeia (UE) prometeram nesta segunda-feira agir mais para impedir a morte de imigrantes, adotando medidas que preveem o aumento de opera\u00e7\u00f5es de resgate e de captura de traficantes. Entre 700 e 950 pessoas podem ter morrido em um naufr\u00e1gio perto da costa da L\u00edbia, na madrugada de domingo.<\/p>\n<p>Muitos governos europeus t\u00eam sido relutantes em financiar as opera\u00e7\u00f5es de resgate no Mediterr\u00e2neo, por medo de incentivar mais pessoas a fazer a travessia em busca de uma vida melhor na Europa, mas agora enfrentam indigna\u00e7\u00e3o com as mortes de refugiados.<\/p>\n<p>Ao comentar o \u00faltimo naufr\u00e1gio, a chefe de pol\u00edtica externa da UE, a italiana Federica Mogherini, disse que o bloco europeu n\u00e3o tem mais desculpas diante da imigra\u00e7\u00e3o.<\/p>\n<p>\u2014 Com esta nova trag\u00e9dia j\u00e1 \u00e9 demais. A UE n\u00e3o tem mais desculpa, os Estados membros n\u00e3o t\u00eam mais desculpas. Precisamos de uma verdadeira pol\u00edtica migrat\u00f3ria, precisamos de medidas imediatas \u2014 disse Mogherini antes de uma reuni\u00e3o de ministros das Rela\u00e7\u00f5es Exteriores do bloco.<\/p>\n<p>Ela afirmou ainda que est\u00e1 determinada a construir um &#8220;senso comum de responsabilidade&#8221; para enfrentar a crise, e que os dirigentes da UE est\u00e3o considerando uma c\u00fapula de emerg\u00eancia em Bruxelas esta semana.<\/p>\n<p>\u2014 \u00c9 dever moral (da UE) se concentrar em nossa responsabilidade enquanto europeus para evitar que este tipo de trag\u00e9dia se repita \u2014 acrescentou Mogherini.<\/p>\n<p>Os ministros das Rela\u00e7\u00f5es Exteriores fizeram um minuto de sil\u00eancio no in\u00edcio da reuni\u00e3o. Mais tarde, ter\u00e3o encontro com os ministros do Interior para uma discuss\u00e3o de emerg\u00eancia sobre a crise de imigra\u00e7\u00e3o.<\/p>\n<p>\u2014 O que est\u00e1 em jogo \u00e9 a reputa\u00e7\u00e3o da Uni\u00e3o Europeia \u2014 afirmou o ministro das Rela\u00e7\u00f5es Exteriores italiano, Paolo Gentiloni, ao chegar \u00e0 reuni\u00e3o de chanceleres, em Luxemburgo. \u2014 N\u00e3o podemos ter uma emerg\u00eancia europeia e uma resposta italiana.<\/p>\n<p>At\u00e9 agora, os pa\u00edses do Norte da Uni\u00e3o Europeia t\u00eam deixado a maior parte das opera\u00e7\u00f5es de resgate para os Estados do sul, como a It\u00e1lia. Na semana antes da trag\u00e9dia do fim de semana, a guarda costeira italiana resgatou quase 8 mil imigrantes no Mediterr\u00e2neo, de acordo com a Comiss\u00e3o Europeia, o \u00f3rg\u00e3o executivo da UE.<\/p>\n<p>Pelo menos 3.500 pessoas, muitas delas fugindo da pobreza e de conflitos na \u00c1frica, morreram tentando atravessar o Mediterr\u00e2neo para chegar \u00e0 Europa em 2014, de acordo com as Na\u00e7\u00f5es Unidas.<\/p>\n<p><strong>Pior desastre no \u00f3s-guerra<\/strong><\/p>\n<p>O desastre de domingo pode ter sido o pior no Mediterr\u00e2neo no p\u00f3s-guerra \u2014 o naufr\u00e1gio na Lampedusa, em 2013, deixou 366 mortos e 20 desaparecidos.<\/p>\n<p>Inicialmente, falava-se de at\u00e9 700 pessoas a bordo, mas um sobrevivente elevou o n\u00famero a 950, incluindo 50 crian\u00e7as e 200 mulheres. S\u00f3 28 pessoas foram resgatadas, al\u00e9m de 24 corpos. Os passageiros vinham de pa\u00edses como Arg\u00e9lia, Egito, Som\u00e1lia, Nig\u00e9ria, Senegal, Gana e Bangladesh, entre outros.<\/p>\n<p>\u2014 Muitos migrantes foram trancados em por\u00f5es em n\u00edveis mais baixos do barco \u2014 disse um sobrevivente, segundo a imprensa local. \u2014 Os traficantes fecharam as portas para impedi-los de sair.<\/p>\n<p>O naufr\u00e1gio, que aconteceu depois de uma semana j\u00e1 marcada por centenas de mortes no mar, ocorridas em acidentes semelhantes nos dias anteriores, levou o Papa Francisco a fazer o segundo apelo \u00e0 comunidade internacional em menos de 24 horas.<\/p>\n<p>Fonte: O Globo \/ Ag\u00eancias Internacionais<\/p>\n","protected":false},"excerpt":{"rendered":"<p>At\u00e9 950 pessoas podem ter morrido em um naufr\u00e1gio perto da costa da L\u00edbia na madrugada de domingo Um dia depois de mais uma trag\u00e9dia&#8230;<\/p>\n","protected":false},"author":1182,"featured_media":4682,"comment_status":"closed","ping_status":"closed","sticky":false,"template":"","format":"standard","meta":{"footnotes":""},"categories":[6],"tags":[],"class_list":["post-11729","post","type-post","status-publish","format-standard","has-post-thumbnail","hentry","category-noticias"],"_links":{"self":[{"href":"https:\/\/www.sincomam.org.br\/index.php\/wp-json\/wp\/v2\/posts\/11729","targetHints":{"allow":["GET"]}}],"collection":[{"href":"https:\/\/www.sincomam.org.br\/index.php\/wp-json\/wp\/v2\/posts"}],"about":[{"href":"https:\/\/www.sincomam.org.br\/index.php\/wp-json\/wp\/v2\/types\/post"}],"author":[{"embeddable":true,"href":"https:\/\/www.sincomam.org.br\/index.php\/wp-json\/wp\/v2\/users\/1182"}],"replies":[{"embeddable":true,"href":"https:\/\/www.sincomam.org.br\/index.php\/wp-json\/wp\/v2\/comments?post=11729"}],"version-history":[{"count":1,"href":"https:\/\/www.sincomam.org.br\/index.php\/wp-json\/wp\/v2\/posts\/11729\/revisions"}],"predecessor-version":[{"id":11730,"href":"https:\/\/www.sincomam.org.br\/index.php\/wp-json\/wp\/v2\/posts\/11729\/revisions\/11730"}],"wp:featuredmedia":[{"embeddable":true,"href":"https:\/\/www.sincomam.org.br\/index.php\/wp-json\/wp\/v2\/media\/4682"}],"wp:attachment":[{"href":"https:\/\/www.sincomam.org.br\/index.php\/wp-json\/wp\/v2\/media?parent=11729"}],"wp:term":[{"taxonomy":"category","embeddable":true,"href":"https:\/\/www.sincomam.org.br\/index.php\/wp-json\/wp\/v2\/categories?post=11729"},{"taxonomy":"post_tag","embeddable":true,"href":"https:\/\/www.sincomam.org.br\/index.php\/wp-json\/wp\/v2\/tags?post=11729"}],"curies":[{"name":"wp","href":"https:\/\/api.w.org\/{rel}","templated":true}]}}