{"id":11723,"date":"2015-04-20T08:55:26","date_gmt":"2015-04-20T11:55:26","guid":{"rendered":"http:\/\/www.sincomam.org.br\/?p=11723"},"modified":"2015-04-20T08:55:26","modified_gmt":"2015-04-20T11:55:26","slug":"em-tres-anos-itapoa-sc-ja-supera-porto-do-rio","status":"publish","type":"post","link":"https:\/\/www.sincomam.org.br\/index.php\/em-tres-anos-itapoa-sc-ja-supera-porto-do-rio\/","title":{"rendered":"Em tr\u00eas anos, Itapo\u00e1 (SC) j\u00e1 supera Porto do Rio"},"content":{"rendered":"<p>Em opera\u00e7\u00e3o h\u00e1 pouco mais de tr\u00eas anos, o Porto Itapo\u00e1, em Santa Catarina, j\u00e1 \u00e9 o sexto do pa\u00eds em movimenta\u00e7\u00e3o de cont\u00eaineres, com 470 mil Teus (medida padr\u00e3o para cont\u00eaineres de 20 p\u00e9s). Itapo\u00e1 est\u00e1 \u00e0 frente do hist\u00f3rico Porto do Rio de Janeiro \u2013 que completou seu centen\u00e1rio em 2010. No Porto do Rio, a movimenta\u00e7\u00e3o de cont\u00eaineres \u00e9 de responsabilidade de Libra e Multiterminais.<\/p>\n<p>Dados oficiais mostram que Santos (SP) \u00e9 respons\u00e1vel por 32% dos cont\u00eaineres movimentados no pa\u00eds, seguindo-se Paranagu\u00e1 (PR), Rio Grande (RS), Portonave (SP), Embraport (SP) e Itapo\u00e1, com 5,7% do total nacional. O Rio est\u00e1 em nono lugar, com 4,4% do total nacional, e Itagua\u00ed (RJ) em 12\u00ba, com 2,6%.<\/p>\n<p>Pesquisa realizada em 2014 pelo Instituto de Pesquisa e Supply Chain Ilos junto a 169 empresas, de 18 setores econ\u00f4micos, apontou Itapo\u00e1 como o de melhor desempenho entre 13 terminais e complexos portu\u00e1rios no Brasil. Segundo a Comiss\u00e3o Econ\u00f4mica para a Am\u00e9rica Latina e Caribe (Cepal), Itapo\u00e1 est\u00e1 entre os tr\u00eas portos latino-americanos de melhor resultado.<\/p>\n<p>Controlado pela Alian\u00e7a Navega\u00e7\u00e3o, Logz Log\u00edstica Brasil S\/A e Grupo Batistella, Itapo\u00e1 conta com cais de 630 metros de comprimento (calado de 16 metros) e p\u00e1tio de 156 mil metros quadrados. O seu projeto de amplia\u00e7\u00e3o aguarda apenas autoriza\u00e7\u00e3o para o in\u00edcio das obras. Com investimentos de R$ 1 bilh\u00e3o, em duas fases, o cais passar\u00e1 a ter 1.200 metros de extens\u00e3o, com p\u00e1tio de 450 mil metros quadrados.<\/p>\n<p>Fonte: Monitor Mercantil\/Sergio Barreto Motta<\/p>\n","protected":false},"excerpt":{"rendered":"<p>Em opera\u00e7\u00e3o h\u00e1 pouco mais de tr\u00eas anos, o Porto Itapo\u00e1, em Santa Catarina, j\u00e1 \u00e9 o sexto do pa\u00eds em movimenta\u00e7\u00e3o de cont\u00eaineres, com&#8230;<\/p>\n","protected":false},"author":1182,"featured_media":5310,"comment_status":"closed","ping_status":"closed","sticky":false,"template":"","format":"standard","meta":{"footnotes":""},"categories":[6],"tags":[],"class_list":["post-11723","post","type-post","status-publish","format-standard","has-post-thumbnail","hentry","category-noticias"],"_links":{"self":[{"href":"https:\/\/www.sincomam.org.br\/index.php\/wp-json\/wp\/v2\/posts\/11723","targetHints":{"allow":["GET"]}}],"collection":[{"href":"https:\/\/www.sincomam.org.br\/index.php\/wp-json\/wp\/v2\/posts"}],"about":[{"href":"https:\/\/www.sincomam.org.br\/index.php\/wp-json\/wp\/v2\/types\/post"}],"author":[{"embeddable":true,"href":"https:\/\/www.sincomam.org.br\/index.php\/wp-json\/wp\/v2\/users\/1182"}],"replies":[{"embeddable":true,"href":"https:\/\/www.sincomam.org.br\/index.php\/wp-json\/wp\/v2\/comments?post=11723"}],"version-history":[{"count":1,"href":"https:\/\/www.sincomam.org.br\/index.php\/wp-json\/wp\/v2\/posts\/11723\/revisions"}],"predecessor-version":[{"id":11724,"href":"https:\/\/www.sincomam.org.br\/index.php\/wp-json\/wp\/v2\/posts\/11723\/revisions\/11724"}],"wp:featuredmedia":[{"embeddable":true,"href":"https:\/\/www.sincomam.org.br\/index.php\/wp-json\/wp\/v2\/media\/5310"}],"wp:attachment":[{"href":"https:\/\/www.sincomam.org.br\/index.php\/wp-json\/wp\/v2\/media?parent=11723"}],"wp:term":[{"taxonomy":"category","embeddable":true,"href":"https:\/\/www.sincomam.org.br\/index.php\/wp-json\/wp\/v2\/categories?post=11723"},{"taxonomy":"post_tag","embeddable":true,"href":"https:\/\/www.sincomam.org.br\/index.php\/wp-json\/wp\/v2\/tags?post=11723"}],"curies":[{"name":"wp","href":"https:\/\/api.w.org\/{rel}","templated":true}]}}