{"id":11669,"date":"2015-04-16T11:37:14","date_gmt":"2015-04-16T14:37:14","guid":{"rendered":"http:\/\/www.sincomam.org.br\/?p=11669"},"modified":"2015-04-16T11:37:14","modified_gmt":"2015-04-16T14:37:14","slug":"crise-na-petrobras-afeta-emprego-e-cidades-dependentes-da-estatal-cortam-vagas","status":"publish","type":"post","link":"https:\/\/www.sincomam.org.br\/index.php\/crise-na-petrobras-afeta-emprego-e-cidades-dependentes-da-estatal-cortam-vagas\/","title":{"rendered":"Crise na Petrobras afeta emprego e cidades dependentes da estatal cortam vagas"},"content":{"rendered":"<p>Na passagem de dezembro para janeiro, os problemas atravessados pela estatal tiveram influ\u00eancia direta ou indireta em cerca de 10% de todos os empregos formais perdidos no Brasil inteiro. Em Maca\u00e9, 1.288 postos de trabalho formais foram extintos.<\/p>\n<p>A crise na Petrobras j\u00e1 afeta o mercado de trabalho no Pa\u00eds. Na passagem de dezembro para janeiro, os problemas atravessados pela estatal tiveram influ\u00eancia direta ou indireta em cerca de 10% de todos os empregos formais perdidos no Brasil inteiro, segundo o economista Mauro Osorio, professor da Universidade Federal do Rio de Janeiro (UFRJ).<\/p>\n<p>Dois munic\u00edpios fluminenses que t\u00eam suas economias extremamente dependentes da petroleira contabilizaram um corte de 8.353 vagas com carteira assinada em janeiro, mostra levantamento do professor, feito com base nos dados do Cadastro Geral de Empregados e Desempregados (Caged) do Minist\u00e9rio do Trabalho e Emprego (MTE).<\/p>\n<p>Em Maca\u00e9, 1.288 postos de trabalho formais foram extintos. Em Itabora\u00ed, 7.065 trabalhadores foram demitidos. O montante equivale a mais de 20% das 40.658 vagas fechadas no Estado do Rio do per\u00edodo. No Brasil, foram eliminados 81.774 postos de trabalho.<\/p>\n<p>\u201cEm Maca\u00e9, houve impacto de diversas formas, por conta da influ\u00eancia da Petrobras na economia local. Em Itabora\u00ed, \u00e9 demiss\u00e3o no Comperj (Complexo Petroqu\u00edmico do Rio de Janeiro) mesmo\u201d, disse Osorio.<\/p>\n<p>O professor lembra que, al\u00e9m das dispensas de trabalhadores terceirizados que atuavam nas obras do Comperj, outras atividades da regi\u00e3o t\u00eam estreita liga\u00e7\u00e3o com os investimentos e tr\u00e2nsito de funcion\u00e1rios da petroleira nos munic\u00edpios atingidos, como servi\u00e7os, constru\u00e7\u00e3o e com\u00e9rcio.<\/p>\n<p>\u201cO impacto da crise na Petrobras sobre o mercado de trabalho vai ser muito forte, nem come\u00e7ou ainda. Porque esse processo vai resultar ainda em paralisa\u00e7\u00e3o generalizada de obras de infraestrutura, que s\u00e3o todas tocadas pelas empreiteiras que est\u00e3o nas investiga\u00e7\u00f5es da Lava Jato (opera\u00e7\u00e3o da Pol\u00edcia Federal que apura den\u00fancias de corrup\u00e7\u00e3o na Petrobras)\u201d, previu Jos\u00e9 M\u00e1rcio Camargo, economista-chefe da Opus Investimentos e professor da PUC-Rio.<\/p>\n<p>Camargo v\u00ea impactos decorrentes das dificuldades dessas empreiteiras em concluir obras previstas em licita\u00e7\u00f5es n\u00e3o s\u00f3 da Petrobras, mas tamb\u00e9m de projetos de infraestrutura e empreendimentos para eventos como a Olimp\u00edada de 2016, no Rio. \u201cO Estado do Rio vai ser particularmente afetado por essa crise\u201d, alertou o economista da Opus.<\/p>\n<p>Na \u00fatlima quarta-feira, 4, milhares de trabalhadores que atuam no setor naval s\u00e3o esperados em um protesto motivado pelo receio de que o plano de desinvestimentos anunciado pela Petrobras na segunda-feira, 2, resulte em mais demiss\u00f5es dentro da categoria. A passeata \u2013 que se estender\u00e1 de Niter\u00f3i, na regi\u00e3o metropolitana, at\u00e9 a sede da Petrobras, no centro do Rio \u2013 \u00e9 organizada por sindicatos de metal\u00fargicos que representam trabalhadores de 11 empresas fornecedoras da petroleira na constru\u00e7\u00e3o de navios e plataformas. Os manifestantes temem que a Transpetro seja inclu\u00edda nas opera\u00e7\u00f5es de venda de ativos e que o projeto de constru\u00e7\u00e3o de navios seja paralisado, desempregando os trabalhadores da ind\u00fastria naval.<\/p>\n<p>Por enquanto, a regi\u00e3o metropolitana do Rio de Janeiro ainda apresenta os melhores resultados para o mercado de trabalho entre as seis regi\u00f5es investigadas pela Pesquisa Mensal de Emprego, do Instituto Brasileiro de Geografia e Estat\u00edstica (IBGE). A taxa de desemprego ficou em 3,6% em janeiro (contra 5,3% na m\u00e9dia nacional), mesmo resultado verificado em janeiro do ano anterior. No entanto, o desempenho foi consequ\u00eancia da sa\u00edda de pessoas do mercado de trabalho, e n\u00e3o de um aumento expressivo no n\u00famero de contrata\u00e7\u00f5es: 114 mil indiv\u00edduos migraram para a inatividade, enquanto a regi\u00e3o criou apenas 12 mil vagas no per\u00edodo de um ano.<\/p>\n<p>Fonte: O Estado de S\u00e3o Paulo<\/p>\n","protected":false},"excerpt":{"rendered":"<p>Na passagem de dezembro para janeiro, os problemas atravessados pela estatal tiveram influ\u00eancia direta ou indireta em cerca de 10% de todos os empregos formais&#8230;<\/p>\n","protected":false},"author":1182,"featured_media":10689,"comment_status":"closed","ping_status":"closed","sticky":false,"template":"","format":"standard","meta":{"footnotes":""},"categories":[6],"tags":[],"class_list":["post-11669","post","type-post","status-publish","format-standard","has-post-thumbnail","hentry","category-noticias"],"_links":{"self":[{"href":"https:\/\/www.sincomam.org.br\/index.php\/wp-json\/wp\/v2\/posts\/11669","targetHints":{"allow":["GET"]}}],"collection":[{"href":"https:\/\/www.sincomam.org.br\/index.php\/wp-json\/wp\/v2\/posts"}],"about":[{"href":"https:\/\/www.sincomam.org.br\/index.php\/wp-json\/wp\/v2\/types\/post"}],"author":[{"embeddable":true,"href":"https:\/\/www.sincomam.org.br\/index.php\/wp-json\/wp\/v2\/users\/1182"}],"replies":[{"embeddable":true,"href":"https:\/\/www.sincomam.org.br\/index.php\/wp-json\/wp\/v2\/comments?post=11669"}],"version-history":[{"count":1,"href":"https:\/\/www.sincomam.org.br\/index.php\/wp-json\/wp\/v2\/posts\/11669\/revisions"}],"predecessor-version":[{"id":11670,"href":"https:\/\/www.sincomam.org.br\/index.php\/wp-json\/wp\/v2\/posts\/11669\/revisions\/11670"}],"wp:featuredmedia":[{"embeddable":true,"href":"https:\/\/www.sincomam.org.br\/index.php\/wp-json\/wp\/v2\/media\/10689"}],"wp:attachment":[{"href":"https:\/\/www.sincomam.org.br\/index.php\/wp-json\/wp\/v2\/media?parent=11669"}],"wp:term":[{"taxonomy":"category","embeddable":true,"href":"https:\/\/www.sincomam.org.br\/index.php\/wp-json\/wp\/v2\/categories?post=11669"},{"taxonomy":"post_tag","embeddable":true,"href":"https:\/\/www.sincomam.org.br\/index.php\/wp-json\/wp\/v2\/tags?post=11669"}],"curies":[{"name":"wp","href":"https:\/\/api.w.org\/{rel}","templated":true}]}}