{"id":11667,"date":"2015-04-16T11:29:58","date_gmt":"2015-04-16T14:29:58","guid":{"rendered":"http:\/\/www.sincomam.org.br\/?p=11667"},"modified":"2015-04-16T11:29:58","modified_gmt":"2015-04-16T14:29:58","slug":"projeto-do-governo-federal-ameaca-privatizar-hidrovia-do-rio-madeira","status":"publish","type":"post","link":"https:\/\/www.sincomam.org.br\/index.php\/projeto-do-governo-federal-ameaca-privatizar-hidrovia-do-rio-madeira\/","title":{"rendered":"Projeto do governo federal amea\u00e7a privatizar hidrovia do Rio Madeira"},"content":{"rendered":"<p>Ontem, quarta-feira (15), na tribuna da Assembleia Legislativa do Amazonas (Aleam), um projeto discutido em plano nacional sem debate no \u00e2mbito regional que tem como objetivo privatizar a explora\u00e7\u00e3o de hidrovias no Estado do Amazonas e Rond\u00f4nia. De acordo com os parlamentares, o projeto piloto intencionado pelo Minist\u00e9rio do Planejamento (Mapa) do Governo Federal quer que a concess\u00e3o a entidades privadas dos rios naveg\u00e1veis na Amaz\u00f4nia inicie pelo rio Madeira e, posteriormente, se estenda aos rios Tocantins e Tapaj\u00f3s.<\/p>\n<p>A den\u00fancia chegou aos deputados do Amazonas por meio da Federa\u00e7\u00e3o Nacional das Empresas de Navega\u00e7\u00e3o Aquavi\u00e1ria e Entidade de natureza Sindical de Grau Superior (Fenavega). A federa\u00e7\u00e3o tem como finalidade a coordena\u00e7\u00e3o das categorias econ\u00f4micas do setor de navega\u00e7\u00e3o mar\u00edtima, fluvial, lacustre e portu\u00e1ria. Tamb\u00e9m age na colabora\u00e7\u00e3o com os poderes p\u00fablicos no sentido de solidariedade social nas discuss\u00f5es de interesse do setor. A Fenavega foi convidada pelo Mapa a participar de reuni\u00e3o ocorrida no dia 4 de mar\u00e7o cuja pauta anunciada era \u201cPAC \u2013 Hidrovias\u201d.<\/p>\n<p><strong>Consequ\u00eancias<\/strong><\/p>\n<p>Chagas acrescentou que \u00e9 obriga\u00e7\u00e3o da Aleam se debru\u00e7ar sobre o tema e rastrear todas as poss\u00edveis consequ\u00eancias do projeto para o meio ambiente e a vida das popula\u00e7\u00f5es que moram nos locais que o Mapa planeja dispor a empres\u00e1rios. \u201cO Governo Federal vai querer enfiar goela abaixo mais uma vez uma pol\u00edtica que, se mal planejada e mal empregada, vai fazer sofrer a popula\u00e7\u00e3o local? O Minist\u00e9rio do Planejamento est\u00e1 querendo fazer receita \u00e0 revelia talvez da vontade do povo do Amazonas sem sequer ouvir o ribeirinho do Madeira. Como fica a vida do ribeirinho se tivermos uma privatiza\u00e7\u00e3o como ocorre nas estradas, onde o ped\u00e1gio \u00e9 cobrado indistintamente de comunidades, bairros e munic\u00edpios pr\u00f3ximos? Como ficar\u00e1 o abastecimento das cidades e comunidades do Madeira todo feito por meio de barcos regionais?\u201d, questionou o deputado.<\/p>\n<p>A Fenavega, com sede em Bras\u00edlia, alega que o projeto do Governo Federal atende aos interesses do setor de produ\u00e7\u00e3o de gr\u00e3os. \u201cAcreditamos que a deflagra\u00e7\u00e3o dessa abomina\u00e7\u00e3o deve-se \u00e0 import\u00e2ncia log\u00edstica que os rios da regi\u00e3o Norte naturalmente possuem para o escoamento da produ\u00e7\u00e3o de gr\u00e3os por meio de portos localizados do paralelo 16 graus Sul, acima portanto de Cuiab\u00e1, Bras\u00edlia e Ilheus\u201d, declarou o presidente da Fenavega, Raimundo Holanda Cavalcante Filho.<\/p>\n<p><strong>Pedidos ignorados<\/strong><\/p>\n<p>O presidente da Fenavega reclama que o Governo Federal, por meio de seus \u00f3rg\u00e3os na regi\u00e3o, ignora todos os pedidos feitos pelo setor em rela\u00e7\u00e3o a melhorias nas sinaliza\u00e7\u00f5es dos rios, da dragagem peri\u00f3dica de canais naveg\u00e1veis, al\u00e9m de outras medidas que possam melhorar a seguran\u00e7a das embarca\u00e7\u00f5es e dos usu\u00e1rios desse tipo de transporte. \u201cSem que o poder p\u00fablico at\u00e9 ent\u00e3o tenha constru\u00eddo uma hidrovia sequer na regi\u00e3o Norte, o Governo pretende conceder a explora\u00e7\u00e3o de vias naveg\u00e1veis\u201d, declarou Raimundo Holanda.<\/p>\n<p>Para Dermilson Chagas, um assunto dessa grandeza deve incluir de imediato entidades e autoridades dos Estados do Amazonas e Rond\u00f4nia. Al\u00e9m disso, ele prop\u00f4s que a Assembleia legislativa do estado do Amazonas (ALEAM) promova uma audi\u00eancia p\u00fablica para iniciar o debate sobre o assunto e suas consequ\u00eancias para a regi\u00e3o.<\/p>\n<p>Fonte: Jornal do Humait\u00e1\/informa\u00e7\u00f5es da assessoria<\/p>\n","protected":false},"excerpt":{"rendered":"<p>Ontem, quarta-feira (15), na tribuna da Assembleia Legislativa do Amazonas (Aleam), um projeto discutido em plano nacional sem debate no \u00e2mbito regional que tem como&#8230;<\/p>\n","protected":false},"author":1182,"featured_media":4181,"comment_status":"closed","ping_status":"closed","sticky":false,"template":"","format":"standard","meta":{"footnotes":""},"categories":[6],"tags":[],"class_list":["post-11667","post","type-post","status-publish","format-standard","has-post-thumbnail","hentry","category-noticias"],"_links":{"self":[{"href":"https:\/\/www.sincomam.org.br\/index.php\/wp-json\/wp\/v2\/posts\/11667","targetHints":{"allow":["GET"]}}],"collection":[{"href":"https:\/\/www.sincomam.org.br\/index.php\/wp-json\/wp\/v2\/posts"}],"about":[{"href":"https:\/\/www.sincomam.org.br\/index.php\/wp-json\/wp\/v2\/types\/post"}],"author":[{"embeddable":true,"href":"https:\/\/www.sincomam.org.br\/index.php\/wp-json\/wp\/v2\/users\/1182"}],"replies":[{"embeddable":true,"href":"https:\/\/www.sincomam.org.br\/index.php\/wp-json\/wp\/v2\/comments?post=11667"}],"version-history":[{"count":1,"href":"https:\/\/www.sincomam.org.br\/index.php\/wp-json\/wp\/v2\/posts\/11667\/revisions"}],"predecessor-version":[{"id":11668,"href":"https:\/\/www.sincomam.org.br\/index.php\/wp-json\/wp\/v2\/posts\/11667\/revisions\/11668"}],"wp:featuredmedia":[{"embeddable":true,"href":"https:\/\/www.sincomam.org.br\/index.php\/wp-json\/wp\/v2\/media\/4181"}],"wp:attachment":[{"href":"https:\/\/www.sincomam.org.br\/index.php\/wp-json\/wp\/v2\/media?parent=11667"}],"wp:term":[{"taxonomy":"category","embeddable":true,"href":"https:\/\/www.sincomam.org.br\/index.php\/wp-json\/wp\/v2\/categories?post=11667"},{"taxonomy":"post_tag","embeddable":true,"href":"https:\/\/www.sincomam.org.br\/index.php\/wp-json\/wp\/v2\/tags?post=11667"}],"curies":[{"name":"wp","href":"https:\/\/api.w.org\/{rel}","templated":true}]}}