{"id":11641,"date":"2015-04-15T09:46:15","date_gmt":"2015-04-15T12:46:15","guid":{"rendered":"http:\/\/www.sincomam.org.br\/?p=11641"},"modified":"2015-04-15T09:46:15","modified_gmt":"2015-04-15T12:46:15","slug":"terceirizacao-sindicatos-organizam-protestos-em-25-capitais","status":"publish","type":"post","link":"https:\/\/www.sincomam.org.br\/index.php\/terceirizacao-sindicatos-organizam-protestos-em-25-capitais\/","title":{"rendered":"Terceiriza\u00e7\u00e3o: sindicatos organizam protestos em 25 capitais"},"content":{"rendered":"<p><strong><em>Est\u00e3o previstas paralisa\u00e7\u00f5es em bancos, transportes e ind\u00fastrias durante toda a quarta-feira<\/em><\/strong><\/p>\n<p>A CUT e alguns dos principais sindicatos do pa\u00eds realizam nesta quarta-feira (15) protestos contra o projeto de terceiriza\u00e7\u00e3o. Banc\u00e1rios, metal\u00fargicos, qu\u00edmicos, petroleiros e pessoal de servi\u00e7os devem participar de manifesta\u00e7\u00e3o em S\u00e3o Paulo no Dia Nacional de Paralisa\u00e7\u00e3o. O protesto deve ocorrer em frente \u00e0 Federa\u00e7\u00e3o das Ind\u00fastrias do Estado de S\u00e3o Paulo (Fiesp).<\/p>\n<p>Segundo a CUT, ao longo do dia devem ocorrer paralisa\u00e7\u00f5es de ag\u00eancias banc\u00e1rias e de ind\u00fastrias, principalmente no Grande ABC. Em todo o pa\u00eds, est\u00e3o previstas manifesta\u00e7\u00f5es em 25 capitais, que incluem Rio, S\u00e3o Paulo e Bras\u00edlia, entre outras cidades.<\/p>\n<p>No Rio, funcion\u00e1rios da Petrobras da Bacia de Campos foram convocados pelo sindicato dos petroleiros da regi\u00e3o para mobiliza\u00e7\u00f5es contra o Projeto de Lei (PL) 4330\/04, que regulamenta os contratos de terceiriza\u00e7\u00e3o no pa\u00eds.<\/p>\n<p>Em Vit\u00f3ria, a ju\u00edza Ana Cl\u00e1udia de Faria Soares, do plant\u00e3o judici\u00e1rio do Tribunal de Justi\u00e7a do Esp\u00edrito Santo (TJ-ES), proibiu que dez centrais sindicais fechem os acessos \u00e0 capital durante a manifesta\u00e7\u00e3o convocada para a manh\u00e3 desta quarta-feira. A decis\u00e3o prev\u00ea multa di\u00e1ria de R$ 200 mil em caso de descumprimento e atende a um pedido do Minist\u00e9rio P\u00fablico Estadual.<\/p>\n<p>&#8220;N\u00e3o houve qualquer comunica\u00e7\u00e3o pr\u00e9via \u00e0s autoridades estaduais quanto a realiza\u00e7\u00e3o do evento, muito menos comunica\u00e7\u00e3o \u00e0 sociedade, o que impede o poder p\u00fablico de organizar o tr\u00e2nsito nas ruas e avenidas que ser\u00e3o afetadas pelo movimento. Situa\u00e7\u00e3o que causar\u00e1 o verdadeiro caos na Grande Vit\u00f3ria, prejudicando a massa populacional que circula diariamente nas vias p\u00fablicas\u201d, destaca o MPES.<\/p>\n<p>De acordo com a ju\u00edza, a decis\u00e3o n\u00e3o restringe o direito de manifestar, mas garante o direito de locomo\u00e7\u00e3o das pessoas.<\/p>\n<p><strong>Petroleiros amea\u00e7am greve<\/strong><\/p>\n<p>O Sindipetro Norte Fluminense acena com a possibilidade de uma greve geral, caso o governo federal e o Congresso n\u00e3o cedam \u00e0s reivindica\u00e7\u00f5es dos sindicalistas. \u201cSe a bancada dos patr\u00f5es insistir neste golpe contra os trabalhadores, os petroleiros se colocar\u00e3o juntos \u00e0s demais categorias para construir uma greve geral\u201d, afirmou manifesto apresentado pelo Sindipetro Norte Fluminense (Sindipetro-NF).<\/p>\n<p>Em geral, greves de petroleiros n\u00e3o t\u00eam tido impacto relevante na produ\u00e7\u00e3o nos \u00faltimos anos, uma vez que a Petrobras conta com equipes de conting\u00eancia.<\/p>\n<p>A convoca\u00e7\u00e3o feita pelo Sindipetro-NF, filiado \u00e0 Federa\u00e7\u00e3o \u00danica dos Petroleiros (FUP), segue orienta\u00e7\u00e3o da Central \u00danica dos Trabalhadores (CUT). O coordenador da Federa\u00e7\u00e3o \u00danica dos Petroleiros (FUP), Jos\u00e9 Maria Rangel, explicou \u00e0 Reuters que regulamentos impedem que as mobiliza\u00e7\u00f5es de hoje causem impactos na produ\u00e7\u00e3o. A Bacia de Campos atualmente representa mais de 70% da produ\u00e7\u00e3o de petr\u00f3leo do pa\u00eds.<\/p>\n<p>No Rio Grande do Sul, os protestos contra o projeto \u2014 iniciado \u00e0 meia-noite de ontem com a greve de 24 horas dos metrovi\u00e1rios ga\u00fachos \u2014 se estender\u00e1 pelo dia de hoje, com atos em cidades do interior do estado. Ficar\u00e3o fechadas as esta\u00e7\u00f5es dos trens que ligam as principais cidades da regi\u00e3o metropolitana de Porto Alegre. O movimento tem a ades\u00e3o de rodovi\u00e1rios de Porto Alegre, de escolas estaduais e de categorias ligadas \u00e0 \u00e1rea da sa\u00fade.<\/p>\n<p>Rodovi\u00e1rios da Companhia Carris, empresa p\u00fablica de transporte que opera as principais linhas de Porto Alegre, e banc\u00e1rios tamb\u00e9m decidiram aderir ao movimento.<\/p>\n<p>Fonte: O Globo \/ Fl\u00e1vio Ilha \/ Bruno Dalvi \/ com Ag\u00eancias Internacionais<\/p>\n","protected":false},"excerpt":{"rendered":"<p>Est\u00e3o previstas paralisa\u00e7\u00f5es em bancos, transportes e ind\u00fastrias durante toda a quarta-feira A CUT e alguns dos principais sindicatos do pa\u00eds realizam nesta quarta-feira (15)&#8230;<\/p>\n","protected":false},"author":1182,"featured_media":7050,"comment_status":"closed","ping_status":"closed","sticky":false,"template":"","format":"standard","meta":{"footnotes":""},"categories":[6],"tags":[],"class_list":["post-11641","post","type-post","status-publish","format-standard","has-post-thumbnail","hentry","category-noticias"],"_links":{"self":[{"href":"https:\/\/www.sincomam.org.br\/index.php\/wp-json\/wp\/v2\/posts\/11641","targetHints":{"allow":["GET"]}}],"collection":[{"href":"https:\/\/www.sincomam.org.br\/index.php\/wp-json\/wp\/v2\/posts"}],"about":[{"href":"https:\/\/www.sincomam.org.br\/index.php\/wp-json\/wp\/v2\/types\/post"}],"author":[{"embeddable":true,"href":"https:\/\/www.sincomam.org.br\/index.php\/wp-json\/wp\/v2\/users\/1182"}],"replies":[{"embeddable":true,"href":"https:\/\/www.sincomam.org.br\/index.php\/wp-json\/wp\/v2\/comments?post=11641"}],"version-history":[{"count":1,"href":"https:\/\/www.sincomam.org.br\/index.php\/wp-json\/wp\/v2\/posts\/11641\/revisions"}],"predecessor-version":[{"id":11642,"href":"https:\/\/www.sincomam.org.br\/index.php\/wp-json\/wp\/v2\/posts\/11641\/revisions\/11642"}],"wp:featuredmedia":[{"embeddable":true,"href":"https:\/\/www.sincomam.org.br\/index.php\/wp-json\/wp\/v2\/media\/7050"}],"wp:attachment":[{"href":"https:\/\/www.sincomam.org.br\/index.php\/wp-json\/wp\/v2\/media?parent=11641"}],"wp:term":[{"taxonomy":"category","embeddable":true,"href":"https:\/\/www.sincomam.org.br\/index.php\/wp-json\/wp\/v2\/categories?post=11641"},{"taxonomy":"post_tag","embeddable":true,"href":"https:\/\/www.sincomam.org.br\/index.php\/wp-json\/wp\/v2\/tags?post=11641"}],"curies":[{"name":"wp","href":"https:\/\/api.w.org\/{rel}","templated":true}]}}