{"id":11620,"date":"2015-04-14T10:49:55","date_gmt":"2015-04-14T13:49:55","guid":{"rendered":"http:\/\/www.sincomam.org.br\/?p=11620"},"modified":"2015-04-14T10:49:55","modified_gmt":"2015-04-14T13:49:55","slug":"hamburg-sud-batiza-navio-san-vicente-em-montevideu","status":"publish","type":"post","link":"https:\/\/www.sincomam.org.br\/index.php\/hamburg-sud-batiza-navio-san-vicente-em-montevideu\/","title":{"rendered":"Hamburg S\u00fcd batiza navio San Vicente em Montevid\u00e9u"},"content":{"rendered":"<p>A Hamburg S\u00fcd batizou, na \u00faltima semana, o terceiro porta-cont\u00eaineres da classe denominada \u201cSan\u201d. A cerim\u00f4nia de nomea\u00e7\u00e3o do \u201cSan Vicente\u201d ocorreu em Cuenca del Plata, terminal localizado em Montevid\u00e9u, no Uruguai, e contou com a presen\u00e7a de clientes e parceiros. O novo navio tem capacidade nominal para 9 mil TEUs e 1.370 tomadas para cont\u00eaineres refrigerados.<\/p>\n<p>A madrinha do \u201cSan Vicente\u201d \u00e9 Elisa Maier, esposa de Roland Maier, propriet\u00e1rio da Swiss Commodity Supplier AG, com quem a Hamburg S\u00fcd trabalha h\u00e1 anos. O evento tamb\u00e9m contou com a presen\u00e7a de Frank Smet, membro do Conselho Consultivo da Hamburg S\u00fcd.<\/p>\n<p>O \u201cSan Vicente\u201d foi constru\u00eddo no estaleiro coreano Hyundai Heavy Industries, em Ulsan. Ap\u00f3s a sua entrega, em novembro do ano passado, o porta-cont\u00eaineres entrou no servi\u00e7o da Hamburg S\u00fcd entre \u00c1sia, \u00c1frica do Sul e Costa Leste da Am\u00e9rica do Sul, ao lado dos navios irm\u00e3os \u201cSan Clemente\u201d e \u201cSan Christobal\u201d.<\/p>\n<p>O Uruguai \u00e9 um mercado importante para a Hamburg S\u00fcd, que oferece cinco servi\u00e7os regulares na regi\u00e3o, que incluem a \u00c1sia, \u00c1frica do Sul e Costa Leste da Am\u00e9rica do Sul, com quatro an\u00e9is que escalam Montevid\u00e9u. Mais de 400 escalas por ano de navios operados pela Hamburg S\u00fcd e pela Alian\u00e7a s\u00e3o realizadas no porto.<\/p>\n<p>A Hamburg S\u00fcd \u00e9 a empresa armadora l\u00edder em opera\u00e7\u00f5es no porto de Montevid\u00e9u. Com uma movimenta\u00e7\u00e3o total de cerca de 776 mil TEUs em 2014, quase um d\u00e9cimo desse valor equivale a cont\u00eaineres da Hamburg S\u00fcd.<\/p>\n<p>\u201cO San Vicente\u201d \u00e9 o segundo navio da Hamburg S\u00fcd batizado em Montevid\u00e9u. H\u00e1 cinco anos, o porta-cont\u00eaineres \u201cRio Madeira\u201d, com capacidade para 5.900 TEUs, foi batizado no porto uruguaio.<\/p>\n<p>Fonte: Portal Naval<\/p>\n","protected":false},"excerpt":{"rendered":"<p>A Hamburg S\u00fcd batizou, na \u00faltima semana, o terceiro porta-cont\u00eaineres da classe denominada \u201cSan\u201d. A cerim\u00f4nia de nomea\u00e7\u00e3o do \u201cSan Vicente\u201d ocorreu em Cuenca del&#8230;<\/p>\n","protected":false},"author":1182,"featured_media":11621,"comment_status":"closed","ping_status":"closed","sticky":false,"template":"","format":"standard","meta":{"footnotes":""},"categories":[6],"tags":[],"class_list":["post-11620","post","type-post","status-publish","format-standard","has-post-thumbnail","hentry","category-noticias"],"_links":{"self":[{"href":"https:\/\/www.sincomam.org.br\/index.php\/wp-json\/wp\/v2\/posts\/11620","targetHints":{"allow":["GET"]}}],"collection":[{"href":"https:\/\/www.sincomam.org.br\/index.php\/wp-json\/wp\/v2\/posts"}],"about":[{"href":"https:\/\/www.sincomam.org.br\/index.php\/wp-json\/wp\/v2\/types\/post"}],"author":[{"embeddable":true,"href":"https:\/\/www.sincomam.org.br\/index.php\/wp-json\/wp\/v2\/users\/1182"}],"replies":[{"embeddable":true,"href":"https:\/\/www.sincomam.org.br\/index.php\/wp-json\/wp\/v2\/comments?post=11620"}],"version-history":[{"count":1,"href":"https:\/\/www.sincomam.org.br\/index.php\/wp-json\/wp\/v2\/posts\/11620\/revisions"}],"predecessor-version":[{"id":11622,"href":"https:\/\/www.sincomam.org.br\/index.php\/wp-json\/wp\/v2\/posts\/11620\/revisions\/11622"}],"wp:featuredmedia":[{"embeddable":true,"href":"https:\/\/www.sincomam.org.br\/index.php\/wp-json\/wp\/v2\/media\/11621"}],"wp:attachment":[{"href":"https:\/\/www.sincomam.org.br\/index.php\/wp-json\/wp\/v2\/media?parent=11620"}],"wp:term":[{"taxonomy":"category","embeddable":true,"href":"https:\/\/www.sincomam.org.br\/index.php\/wp-json\/wp\/v2\/categories?post=11620"},{"taxonomy":"post_tag","embeddable":true,"href":"https:\/\/www.sincomam.org.br\/index.php\/wp-json\/wp\/v2\/tags?post=11620"}],"curies":[{"name":"wp","href":"https:\/\/api.w.org\/{rel}","templated":true}]}}