{"id":11616,"date":"2015-04-14T10:44:25","date_gmt":"2015-04-14T13:44:25","guid":{"rendered":"http:\/\/www.sincomam.org.br\/?p=11616"},"modified":"2015-04-14T10:44:25","modified_gmt":"2015-04-14T13:44:25","slug":"diretores-da-antaq-reunem-se-com-diretoria-da-codesp-e-visitam-empresa-de-navegacao-terminal-e-navio-em-santos","status":"publish","type":"post","link":"https:\/\/www.sincomam.org.br\/index.php\/diretores-da-antaq-reunem-se-com-diretoria-da-codesp-e-visitam-empresa-de-navegacao-terminal-e-navio-em-santos\/","title":{"rendered":"Diretores da Antaq re\u00fanem-se com diretoria da Codesp e visitam empresa de navega\u00e7\u00e3o, terminal e navio em Santos"},"content":{"rendered":"<p>Os diretores da ANTAQ, M\u00e1rio Povia (diretor-geral), Fernando Fonseca e Adalberto Tokarski, reuniram-se com o presidente Angelino Caputo e diretores da Codesp, durante estada em Santos (SP), na semana passada. Os diretores da Ag\u00eancia tamb\u00e9m visitaram as instala\u00e7\u00f5es da empresa de navega\u00e7\u00e3o Wilson Sons, o terminal de movimenta\u00e7\u00e3o de cont\u00eaineres e ve\u00edculos da Santos Brasil e o navio da Alian\u00e7a, que faz a linha de cabotagem Rio Grande do Sul-Manaus.<\/p>\n<p>A reuni\u00e3o com a Diretoria da Codesp aconteceu na \u00faltima sexta-feira (10), na sede da Companhia Docas. Em pauta, a situa\u00e7\u00e3o dos contratos vencidos e a vencer em 2015\/2016, crit\u00e9rios e procedimentos para realiza\u00e7\u00e3o de investimentos e fiscaliza\u00e7\u00f5es.<\/p>\n<p>Na visita \u00e0 Wilson Sons, tamb\u00e9m na sexta feira (10), os diretores da Antaq, que estavam acompanhados dos chefes da Unidade Regional da Ag\u00eancia em S\u00e3o Paulo, Guilherme da Costa e Silva, e do Posto Avan\u00e7ado da autarquia no porto santista, Daniel Alves dos Santos, conheceram a central de controle de opera\u00e7\u00f5es de rebocadores e o centro de aperfei\u00e7oamento mar\u00edtimo da empresa.<\/p>\n<p>Da central de controle da companhia \u00e9 poss\u00edvel acompanhar em tempo real as opera\u00e7\u00f5es dos rebocadores da empresa pelos portos de todo o pa\u00eds, do Rio Grande do Sul a Bel\u00e9m (PA). J\u00e1 no centro de aperfei\u00e7oamento mar\u00edtimo, a empresa disp\u00f5e de salas de teste e um grande simulador das opera\u00e7\u00f5es do rebocador no porto e em mar aberto.<\/p>\n<p>Atualmente, a empresa conta com uma frota pr\u00f3pria de 54 dessas embarca\u00e7\u00f5es, espalhadas pelos principais portos brasileiros, e est\u00e1 investindo US$ 140 milh\u00f5es na constru\u00e7\u00e3o de mais 12 rebocadores. A empresa disp\u00f5e de estaleiro, onde fabrica seus pr\u00f3prios rebocadores e produz unidades para terceiros.<\/p>\n<p>No s\u00e1bado (11), os diretores da Antaq percorreram os p\u00e1tios de movimenta\u00e7\u00e3o de cont\u00eaineres e ve\u00edculos do terminal da Santos Brasil, no Porto de Santos. Hoje, a capacidade de movimenta\u00e7\u00e3o do terminal \u00e9 de 2 milh\u00f5es de TEUs e 300 mil ve\u00edculos por ano.<\/p>\n<p>Com os seus 1.260 metros de cais e 14 metros de calado, o terminal recebe navios conteineros com capacidade para transportar cerca de 10 mil TEUs por viagem. Atualmente, o terminal est\u00e1 em processo de expans\u00e3o para aumentar a sua movimenta\u00e7\u00e3o de cont\u00eaineres para 3 milh\u00f5es de TEUs, montante que deve ser atingido nos pr\u00f3ximos tr\u00eas anos.<\/p>\n<p>Os diretores da Antaq tamb\u00e9m embarcaram e acompanharam a opera\u00e7\u00e3o de descarga do navio conteinero da Alian\u00e7a Navega\u00e7\u00e3o, Vicente Pinzon. O navio, que tem capacidade de transportar 4.800 TEUs por viagem, faz a linha de cabotagem Rio Grande do Sul\/Manaus. A viagem de ida e volta nessa linha leva 42 dias.<\/p>\n<p><strong>Reuni\u00e3o com usu\u00e1rios<\/strong><\/p>\n<p>Na sexta-feira (10), a Diretoria da Antaq realizou, na sede da Codesp, a 4\u00aa reuni\u00e3o da agenda positiva com os usu\u00e1rios dos portos, com a participa\u00e7\u00e3o do representante do Conselho de Exportadores de Caf\u00e9 do Brasil (Cecaf\u00e9), Ronaldo Taboada, e da Associa\u00e7\u00e3o dos Exportadores de Cana-de-A\u00e7\u00facar e \u00c1lcool (AEXA), \u00c2ngela Cristina Quintanilha.<\/p>\n<p>Durante a reuni\u00e3o, foram discutidos diversos assuntos que foram demandados nas reuni\u00f5es anteriores. Segundo Povia, a Ag\u00eancia j\u00e1 vem atuando para levar a efeito o que tem sido pactuado. \u201cA Antaq j\u00e1 est\u00e1 atuando atrav\u00e9s de seus postos avan\u00e7ados e unidades regionais, bem como da sua Superintend\u00eancia de Fiscaliza\u00e7\u00e3o. Portanto, j\u00e1 temos resultados efetivos na ponta\u201d, observou.<\/p>\n<p>Fonte: Antaq\/Jorge L\u00facio, de Santos<\/p>\n","protected":false},"excerpt":{"rendered":"<p>Os diretores da ANTAQ, M\u00e1rio Povia (diretor-geral), Fernando Fonseca e Adalberto Tokarski, reuniram-se com o presidente Angelino Caputo e diretores da Codesp, durante estada em&#8230;<\/p>\n","protected":false},"author":1182,"featured_media":8125,"comment_status":"closed","ping_status":"closed","sticky":false,"template":"","format":"standard","meta":{"footnotes":""},"categories":[6],"tags":[],"class_list":["post-11616","post","type-post","status-publish","format-standard","has-post-thumbnail","hentry","category-noticias"],"_links":{"self":[{"href":"https:\/\/www.sincomam.org.br\/index.php\/wp-json\/wp\/v2\/posts\/11616","targetHints":{"allow":["GET"]}}],"collection":[{"href":"https:\/\/www.sincomam.org.br\/index.php\/wp-json\/wp\/v2\/posts"}],"about":[{"href":"https:\/\/www.sincomam.org.br\/index.php\/wp-json\/wp\/v2\/types\/post"}],"author":[{"embeddable":true,"href":"https:\/\/www.sincomam.org.br\/index.php\/wp-json\/wp\/v2\/users\/1182"}],"replies":[{"embeddable":true,"href":"https:\/\/www.sincomam.org.br\/index.php\/wp-json\/wp\/v2\/comments?post=11616"}],"version-history":[{"count":1,"href":"https:\/\/www.sincomam.org.br\/index.php\/wp-json\/wp\/v2\/posts\/11616\/revisions"}],"predecessor-version":[{"id":11617,"href":"https:\/\/www.sincomam.org.br\/index.php\/wp-json\/wp\/v2\/posts\/11616\/revisions\/11617"}],"wp:featuredmedia":[{"embeddable":true,"href":"https:\/\/www.sincomam.org.br\/index.php\/wp-json\/wp\/v2\/media\/8125"}],"wp:attachment":[{"href":"https:\/\/www.sincomam.org.br\/index.php\/wp-json\/wp\/v2\/media?parent=11616"}],"wp:term":[{"taxonomy":"category","embeddable":true,"href":"https:\/\/www.sincomam.org.br\/index.php\/wp-json\/wp\/v2\/categories?post=11616"},{"taxonomy":"post_tag","embeddable":true,"href":"https:\/\/www.sincomam.org.br\/index.php\/wp-json\/wp\/v2\/tags?post=11616"}],"curies":[{"name":"wp","href":"https:\/\/api.w.org\/{rel}","templated":true}]}}