{"id":11614,"date":"2015-04-14T10:43:04","date_gmt":"2015-04-14T13:43:04","guid":{"rendered":"http:\/\/www.sincomam.org.br\/?p=11614"},"modified":"2015-04-14T10:43:04","modified_gmt":"2015-04-14T13:43:04","slug":"amazonas-contara-com-r-6-bi-em-investimentos-ate-2018","status":"publish","type":"post","link":"https:\/\/www.sincomam.org.br\/index.php\/amazonas-contara-com-r-6-bi-em-investimentos-ate-2018\/","title":{"rendered":"Amazonas contar\u00e1 com R$ 6 bi em investimentos at\u00e9 2018"},"content":{"rendered":"<p>O governo federal, o Minist\u00e9rio de Minas e Energia e a Eletrobr\u00e1s investir\u00e3o R$ 6 bilh\u00f5es no estado do Amazonas, no per\u00edodo de 2015 a 2018. O an\u00fancio foi feito pelo ministro de Minas e Energia, Eduardo Braga, em Manaus, durante solenidade de posse da nova diretoria da Eletrobr\u00e1s Amazonas Energia.<\/p>\n<p>O investimento consta no Plano de Expans\u00e3o e Melhorias do Setor El\u00e9trico do estado. As obras previstas v\u00e3o abranger a capital e interior do estado.<\/p>\n<p>\u201cEste Plano de Obras representa a consolida\u00e7\u00e3o de um projeto que j\u00e1 vem sendo implantado h\u00e1 quatro anos e que j\u00e1 consumiu mais de R$ 2 bilh\u00f5es, com a obra do Linh\u00e3o de Tucuru\u00ed e a prepara\u00e7\u00e3o de todo o sistema de Manaus para receber essa energia do Sistema Interligado Nacional\u201d, lembrou o ministro.<\/p>\n<p>Com os novos recursos, est\u00e1 prevista a constru\u00e7\u00e3o de novas usinas, a integra\u00e7\u00e3o de novos munic\u00edpios ao Sistema Interligado Nacional (SIN), a cria\u00e7\u00e3o de novas linhas e subesta\u00e7\u00f5es, instala\u00e7\u00e3o de novas redes de distribui\u00e7\u00e3o, e a expans\u00e3o do Programa Luz para Todos.<\/p>\n<p>De acordo com o ministro, o objetivo do Plano \u00e9 proporcionar \u00e0 popula\u00e7\u00e3o amazonense o acesso \u00e0 energia el\u00e9trica com qualidade e confiabilidade. Para isso, tamb\u00e9m ser\u00e1 aprimorada a gest\u00e3o da Eletrobras Amazonas Energia, modernizando seus processos e garantindo um atendimento de qualidade a todos os seus consumidores.<\/p>\n<p>Outro ponto destacado foi o trabalho para a integra\u00e7\u00e3o regional ao Sistema Interligado Nacional, que vai aumentar a seguran\u00e7a energ\u00e9tica aos consumidores amazonenses e, principalmente, aos futuros investidores da ind\u00fastria e do com\u00e9rcio da regi\u00e3o.<\/p>\n<p><strong>Interior <\/strong><\/p>\n<p>O principal desafio \u00e9 incrementar melhorias nos munic\u00edpios de Humaita, Parintins, Itacoatiara, Nova Olinda do Norte, entre outros. Somente o sistema de transmiss\u00e3o Oriximin\u00e1-Juriti-Parintins representa um investimento de mais de R$ 760 milh\u00f5es.<\/p>\n<p>A gera\u00e7\u00e3o de energia distribu\u00edda no interior do estado ser\u00e1 garantida por meio de grupo geradores pr\u00f3prios e locados, al\u00e9m da implanta\u00e7\u00e3o de novas usinas com Produtores Independentes de Energia.<\/p>\n<p>Nas bacias dos rios Solim\u00f5es, Juru\u00e1 e Japur\u00e1 ser\u00e3o constru\u00eddos 33 usinas, totalizando 158 MW de pot\u00eancia instalada. Os investimentos estimados s\u00e3o da ordem de R$ 662 milh\u00f5es.<\/p>\n<p>Nas regi\u00f5es do m\u00e9dio Amazonas\/Negro, baixo Solim\u00f5es\/Purus e no rio Madeira, ser\u00e3o constru\u00eddas 47 usinas, com 150 MW de pot\u00eancia total instalada. Nesta fase do Plano de Obras est\u00e3o estimados investimentos da ordem de R$ 600 milh\u00f5es.<\/p>\n<p>Nas comunidades isoladas, ser\u00e3o implantados novos sistemas solares e redes de baixa tens\u00e3o, com previs\u00e3o de 14.500 novos sistemas e beneficiando cerca de 72 mil pessoas em 55 munic\u00edpios contemplados. Os investimentos previstos s\u00e3o da ordem de R$ 860 milh\u00f5es.<\/p>\n<p><strong>Luz para todos<\/strong><\/p>\n<p>O programa prev\u00ea 10.200 novas liga\u00e7\u00f5es em 2015 e 2016 com, aproximadamente, 51 mil pessoas atendidas e um investimento de R$ 195 milh\u00f5es. A estimativa do Minist\u00e9rio de Minas e Energia \u00e9 que, ate? 2018, o Luz Para Todos atinja 12.000 novas liga\u00e7\u00f5es em todo o Estado do Amazonas.<\/p>\n<p>Fonte: Minist\u00e9rio de Minas e Energia<\/p>\n","protected":false},"excerpt":{"rendered":"<p>O governo federal, o Minist\u00e9rio de Minas e Energia e a Eletrobr\u00e1s investir\u00e3o R$ 6 bilh\u00f5es no estado do Amazonas, no per\u00edodo de 2015 a&#8230;<\/p>\n","protected":false},"author":1182,"featured_media":0,"comment_status":"closed","ping_status":"closed","sticky":false,"template":"","format":"standard","meta":{"footnotes":""},"categories":[6],"tags":[],"class_list":["post-11614","post","type-post","status-publish","format-standard","hentry","category-noticias"],"_links":{"self":[{"href":"https:\/\/www.sincomam.org.br\/index.php\/wp-json\/wp\/v2\/posts\/11614","targetHints":{"allow":["GET"]}}],"collection":[{"href":"https:\/\/www.sincomam.org.br\/index.php\/wp-json\/wp\/v2\/posts"}],"about":[{"href":"https:\/\/www.sincomam.org.br\/index.php\/wp-json\/wp\/v2\/types\/post"}],"author":[{"embeddable":true,"href":"https:\/\/www.sincomam.org.br\/index.php\/wp-json\/wp\/v2\/users\/1182"}],"replies":[{"embeddable":true,"href":"https:\/\/www.sincomam.org.br\/index.php\/wp-json\/wp\/v2\/comments?post=11614"}],"version-history":[{"count":1,"href":"https:\/\/www.sincomam.org.br\/index.php\/wp-json\/wp\/v2\/posts\/11614\/revisions"}],"predecessor-version":[{"id":11615,"href":"https:\/\/www.sincomam.org.br\/index.php\/wp-json\/wp\/v2\/posts\/11614\/revisions\/11615"}],"wp:attachment":[{"href":"https:\/\/www.sincomam.org.br\/index.php\/wp-json\/wp\/v2\/media?parent=11614"}],"wp:term":[{"taxonomy":"category","embeddable":true,"href":"https:\/\/www.sincomam.org.br\/index.php\/wp-json\/wp\/v2\/categories?post=11614"},{"taxonomy":"post_tag","embeddable":true,"href":"https:\/\/www.sincomam.org.br\/index.php\/wp-json\/wp\/v2\/tags?post=11614"}],"curies":[{"name":"wp","href":"https:\/\/api.w.org\/{rel}","templated":true}]}}