{"id":11601,"date":"2015-04-13T13:34:11","date_gmt":"2015-04-13T16:34:11","guid":{"rendered":"http:\/\/www.sincomam.org.br\/?p=11601"},"modified":"2015-04-13T13:34:11","modified_gmt":"2015-04-13T16:34:11","slug":"presidente-do-tst-defende-limitacoes-para-a-terceirizacao","status":"publish","type":"post","link":"https:\/\/www.sincomam.org.br\/index.php\/presidente-do-tst-defende-limitacoes-para-a-terceirizacao\/","title":{"rendered":"Presidente do TST defende limita\u00e7\u00f5es para a terceiriza\u00e7\u00e3o"},"content":{"rendered":"<p>O presidente do Tribunal Superior do Trabalho (TST), Ant\u00f4nio Jos\u00e9 de Barros Levenhagen, disse hoje (13) que \u00e9 contr\u00e1rio a proposta que trata de novas regras de terceiriza\u00e7\u00e3o, mat\u00e9ria apreciada pela C\u00e2mara dos Deputados. Ele participou nesta segunda-feira de audi\u00eancia p\u00fablica na Comiss\u00e3o de Direitos Humanos do Senado sobre o Projeto de Lei 4.330\/2004 que trata do assunto.<\/p>\n<p>Ao ressaltar que n\u00e3o estava falando como presidente do TST, mas como cidad\u00e3o, o magistrado defendeu que o Congresso estabele\u00e7a tetos para a terceiriza\u00e7\u00e3o, como o de 30% dos prestadores de servi\u00e7os de uma empresa possam ser terceirizados. Para evitar grandes distor\u00e7\u00f5es salariais, Levenhagen sugeriu que os vencimentos dos terceirizados n\u00e3o possam ser inferiores a 80% do sal\u00e1rio dos empregados concursados.<\/p>\n<p>Sob protestos de trabalhadores filiados a v\u00e1rias centrais sindicais, na semana passada, o texto-base da proposta foi aprovado pela C\u00e2mara dos Deputados, que antes de envi\u00e1-lo ao Senado, precisa votar os pontos mais pol\u00eamicos da proposta, que foram destacados. Se aprovado, o projeto pode ampliar a terceiriza\u00e7\u00e3o para todos os setores, inclusive nas vagas relacionadas \u00e0 atividade-fim das empresas contratantes. Atualmente, a terceiriza\u00e7\u00e3o s\u00f3 \u00e9 permitida para as atividades-meio, como limpeza e seguran\u00e7a, por exemplo.<\/p>\n<p>FonteAg\u00eancia Brasil<\/p>\n","protected":false},"excerpt":{"rendered":"<p>O presidente do Tribunal Superior do Trabalho (TST), Ant\u00f4nio Jos\u00e9 de Barros Levenhagen, disse hoje (13) que \u00e9 contr\u00e1rio a proposta que trata de novas&#8230;<\/p>\n","protected":false},"author":1182,"featured_media":7050,"comment_status":"closed","ping_status":"closed","sticky":false,"template":"","format":"standard","meta":{"footnotes":""},"categories":[6],"tags":[],"class_list":["post-11601","post","type-post","status-publish","format-standard","has-post-thumbnail","hentry","category-noticias"],"_links":{"self":[{"href":"https:\/\/www.sincomam.org.br\/index.php\/wp-json\/wp\/v2\/posts\/11601","targetHints":{"allow":["GET"]}}],"collection":[{"href":"https:\/\/www.sincomam.org.br\/index.php\/wp-json\/wp\/v2\/posts"}],"about":[{"href":"https:\/\/www.sincomam.org.br\/index.php\/wp-json\/wp\/v2\/types\/post"}],"author":[{"embeddable":true,"href":"https:\/\/www.sincomam.org.br\/index.php\/wp-json\/wp\/v2\/users\/1182"}],"replies":[{"embeddable":true,"href":"https:\/\/www.sincomam.org.br\/index.php\/wp-json\/wp\/v2\/comments?post=11601"}],"version-history":[{"count":1,"href":"https:\/\/www.sincomam.org.br\/index.php\/wp-json\/wp\/v2\/posts\/11601\/revisions"}],"predecessor-version":[{"id":11602,"href":"https:\/\/www.sincomam.org.br\/index.php\/wp-json\/wp\/v2\/posts\/11601\/revisions\/11602"}],"wp:featuredmedia":[{"embeddable":true,"href":"https:\/\/www.sincomam.org.br\/index.php\/wp-json\/wp\/v2\/media\/7050"}],"wp:attachment":[{"href":"https:\/\/www.sincomam.org.br\/index.php\/wp-json\/wp\/v2\/media?parent=11601"}],"wp:term":[{"taxonomy":"category","embeddable":true,"href":"https:\/\/www.sincomam.org.br\/index.php\/wp-json\/wp\/v2\/categories?post=11601"},{"taxonomy":"post_tag","embeddable":true,"href":"https:\/\/www.sincomam.org.br\/index.php\/wp-json\/wp\/v2\/tags?post=11601"}],"curies":[{"name":"wp","href":"https:\/\/api.w.org\/{rel}","templated":true}]}}