{"id":11598,"date":"2015-04-13T09:04:58","date_gmt":"2015-04-13T12:04:58","guid":{"rendered":"http:\/\/www.sincomam.org.br\/?p=11598"},"modified":"2015-04-13T09:04:58","modified_gmt":"2015-04-13T12:04:58","slug":"tecon-salvador-preve-investimentos-de-r-5-bi-ate-2016","status":"publish","type":"post","link":"https:\/\/www.sincomam.org.br\/index.php\/tecon-salvador-preve-investimentos-de-r-5-bi-ate-2016\/","title":{"rendered":"Tecon Salvador prev\u00ea investimentos de R$ 5 bi at\u00e9 2016"},"content":{"rendered":"<p><strong><em>De 2009 a 2014 o Estado da Bahia recebeu cerca de R$ 4 bilh\u00f5es de investimentos em empreendimentos e\u00f3licos<\/em><\/strong><\/p>\n<p>O Terminal de Cont\u00eaineres de Salvador vem ampliando sua movimenta\u00e7\u00e3o de cargas soltas (breakbulk) voltadas para a gera\u00e7\u00e3o de energia e\u00f3lica na Bahia. At\u00e9 mar\u00e7o, o terminal recebeu 32,4 mil metros c\u00fabicos (5 mil toneladas) em equipamentos, s\u00e3o mais de 80% de todo o volume destinado ao Porto de Salvador nos primeiros meses do ano. De 2009 a 2014 o Estado recebeu cerca de R$ 4 bilh\u00f5es de investimentos em empreendimentos e\u00f3licos e a previs\u00e3o \u00e9 de que outros R$ 5 bilh\u00f5es sejam investidos no setor at\u00e9 2016.<\/p>\n<p>Segundo Rafael Valverde, superintendente de Ind\u00fastria e Minera\u00e7\u00e3o da Secretaria de Desenvolvimento Econ\u00f4mico do Governo do Estado ainda para esse ano est\u00e1 prevista a instala\u00e7\u00e3o de projetos como Alto Sert\u00e3o III, da Renova, na regi\u00e3o de Caetit\u00e9, e de empreendimentos no munic\u00edpio de Campo Formoso, pela Atlantic.<\/p>\n<p>Para os pr\u00f3ximos meses, est\u00e1 previsto o recebimento de outros lotes do segmento e\u00f3lico, como guindastes, p\u00e1s e\u00f3licas, conjunto de torres e nacelles, al\u00e9m de outros tipos de cargas soltas (breakbulk).<\/p>\n<p>\u201cOperar cargas soltas especiais exige uma equipe especializada e treinada para lidar com medidas e peso fora do padr\u00e3o. Elas demandam o m\u00ednimo de transporte poss\u00edvel por serem equipamentos sens\u00edveis e de alto valor agregado. \u00c9 um desafio que o terminal j\u00e1 incorporou em seu dia a dia e ainda tem capacidade de ampliar sua movimenta\u00e7\u00e3o\u201d, conta Patricia Iglesias, diretora comercial do Tecon Salvador.<\/p>\n<p>Fonte: Guia Mar\u00edtimo<\/p>\n","protected":false},"excerpt":{"rendered":"<p>De 2009 a 2014 o Estado da Bahia recebeu cerca de R$ 4 bilh\u00f5es de investimentos em empreendimentos e\u00f3licos O Terminal de Cont\u00eaineres de Salvador&#8230;<\/p>\n","protected":false},"author":1182,"featured_media":11166,"comment_status":"closed","ping_status":"closed","sticky":false,"template":"","format":"standard","meta":{"footnotes":""},"categories":[6],"tags":[],"class_list":["post-11598","post","type-post","status-publish","format-standard","has-post-thumbnail","hentry","category-noticias"],"_links":{"self":[{"href":"https:\/\/www.sincomam.org.br\/index.php\/wp-json\/wp\/v2\/posts\/11598","targetHints":{"allow":["GET"]}}],"collection":[{"href":"https:\/\/www.sincomam.org.br\/index.php\/wp-json\/wp\/v2\/posts"}],"about":[{"href":"https:\/\/www.sincomam.org.br\/index.php\/wp-json\/wp\/v2\/types\/post"}],"author":[{"embeddable":true,"href":"https:\/\/www.sincomam.org.br\/index.php\/wp-json\/wp\/v2\/users\/1182"}],"replies":[{"embeddable":true,"href":"https:\/\/www.sincomam.org.br\/index.php\/wp-json\/wp\/v2\/comments?post=11598"}],"version-history":[{"count":1,"href":"https:\/\/www.sincomam.org.br\/index.php\/wp-json\/wp\/v2\/posts\/11598\/revisions"}],"predecessor-version":[{"id":11599,"href":"https:\/\/www.sincomam.org.br\/index.php\/wp-json\/wp\/v2\/posts\/11598\/revisions\/11599"}],"wp:featuredmedia":[{"embeddable":true,"href":"https:\/\/www.sincomam.org.br\/index.php\/wp-json\/wp\/v2\/media\/11166"}],"wp:attachment":[{"href":"https:\/\/www.sincomam.org.br\/index.php\/wp-json\/wp\/v2\/media?parent=11598"}],"wp:term":[{"taxonomy":"category","embeddable":true,"href":"https:\/\/www.sincomam.org.br\/index.php\/wp-json\/wp\/v2\/categories?post=11598"},{"taxonomy":"post_tag","embeddable":true,"href":"https:\/\/www.sincomam.org.br\/index.php\/wp-json\/wp\/v2\/tags?post=11598"}],"curies":[{"name":"wp","href":"https:\/\/api.w.org\/{rel}","templated":true}]}}