{"id":11596,"date":"2015-04-13T08:53:27","date_gmt":"2015-04-13T11:53:27","guid":{"rendered":"http:\/\/www.sincomam.org.br\/?p=11596"},"modified":"2015-04-13T08:53:27","modified_gmt":"2015-04-13T11:53:27","slug":"alianca-amplia-atendimento-a-regiao-norte-do-brasil-2","status":"publish","type":"post","link":"https:\/\/www.sincomam.org.br\/index.php\/alianca-amplia-atendimento-a-regiao-norte-do-brasil-2\/","title":{"rendered":"Alian\u00e7a amplia atendimento \u00e0 Regi\u00e3o Norte do Brasil"},"content":{"rendered":"<p><strong><em>A partir de abril, empresa escalar\u00e1 semanalmente o porto de Vila do Conde no servi\u00e7o de cabotagem <\/em><\/strong><\/p>\n<p>A Alian\u00e7a Navega\u00e7\u00e3o e Log\u00edstica passar\u00e1 a escalar, a partir desse m\u00eas o Porto de Vila do Conde, no Par\u00e1. Segundo o gerente geral de cabotagem da Alian\u00e7a, Gustavo Costa, o Par\u00e1 passa por uma expans\u00e3o do consumo e considerando que as cadeias log\u00edsticas atuais s\u00e3o totalmente dependentes do modal rodovi\u00e1rio, existe um grande potencial para o transporte costeiro.<\/p>\n<p>\u201cA inser\u00e7\u00e3o do modal cabotagem nestas cadeias log\u00edsticas s\u00f3 \u00e9 poss\u00edvel com um servi\u00e7o semanal e em dias fixos, que tamb\u00e9m permite a expans\u00e3o do com\u00e9rcio exterior, com transbordo nos portos de Suape e Santos, conectando o Par\u00e1 a todos os continentes\u201d, afirma.<\/p>\n<p>O porto de Vila do Conde est\u00e1 inclu\u00eddo no servi\u00e7o denominado Anel 1, que conta com 4 navios com capacidade para 3.800 cont\u00eaineres cada e 2 navios de 4.800 cont\u00eaineres, considerados os maiores em opera\u00e7\u00e3o na cabotagem brasileira. Essa \u00e9 a rota da Alian\u00e7a que oferece a maior capilaridade de atendimento, desde Rio Grande at\u00e9 Manaus. Entre as principais cargas transportadas em Vila do Conde, a participa\u00e7\u00e3o maior ser\u00e1 dos segmentos de alimenta\u00e7\u00e3o, bebidas, higiene e limpeza, materiais de constru\u00e7\u00e3o e sider\u00fargicos.<\/p>\n<p>De acordo com o executivo, a Regi\u00e3o Norte ainda \u00e9 carente de infraestrutura para as opera\u00e7\u00f5es de cont\u00eaineres. Em Vila do Conde, a Alian\u00e7a vai operar com a Santos Brasil, que j\u00e1 \u00e9 parceira estrat\u00e9gica nos portos de Imbituba e Santos.<\/p>\n<p>Fonte: Guia Mar\u00edtimo<\/p>\n","protected":false},"excerpt":{"rendered":"<p>A partir de abril, empresa escalar\u00e1 semanalmente o porto de Vila do Conde no servi\u00e7o de cabotagem A Alian\u00e7a Navega\u00e7\u00e3o e Log\u00edstica passar\u00e1 a escalar,&#8230;<\/p>\n","protected":false},"author":1182,"featured_media":4598,"comment_status":"closed","ping_status":"closed","sticky":false,"template":"","format":"standard","meta":{"footnotes":""},"categories":[6],"tags":[],"class_list":["post-11596","post","type-post","status-publish","format-standard","has-post-thumbnail","hentry","category-noticias"],"_links":{"self":[{"href":"https:\/\/www.sincomam.org.br\/index.php\/wp-json\/wp\/v2\/posts\/11596","targetHints":{"allow":["GET"]}}],"collection":[{"href":"https:\/\/www.sincomam.org.br\/index.php\/wp-json\/wp\/v2\/posts"}],"about":[{"href":"https:\/\/www.sincomam.org.br\/index.php\/wp-json\/wp\/v2\/types\/post"}],"author":[{"embeddable":true,"href":"https:\/\/www.sincomam.org.br\/index.php\/wp-json\/wp\/v2\/users\/1182"}],"replies":[{"embeddable":true,"href":"https:\/\/www.sincomam.org.br\/index.php\/wp-json\/wp\/v2\/comments?post=11596"}],"version-history":[{"count":1,"href":"https:\/\/www.sincomam.org.br\/index.php\/wp-json\/wp\/v2\/posts\/11596\/revisions"}],"predecessor-version":[{"id":11597,"href":"https:\/\/www.sincomam.org.br\/index.php\/wp-json\/wp\/v2\/posts\/11596\/revisions\/11597"}],"wp:featuredmedia":[{"embeddable":true,"href":"https:\/\/www.sincomam.org.br\/index.php\/wp-json\/wp\/v2\/media\/4598"}],"wp:attachment":[{"href":"https:\/\/www.sincomam.org.br\/index.php\/wp-json\/wp\/v2\/media?parent=11596"}],"wp:term":[{"taxonomy":"category","embeddable":true,"href":"https:\/\/www.sincomam.org.br\/index.php\/wp-json\/wp\/v2\/categories?post=11596"},{"taxonomy":"post_tag","embeddable":true,"href":"https:\/\/www.sincomam.org.br\/index.php\/wp-json\/wp\/v2\/tags?post=11596"}],"curies":[{"name":"wp","href":"https:\/\/api.w.org\/{rel}","templated":true}]}}