{"id":11583,"date":"2015-04-10T10:48:55","date_gmt":"2015-04-10T13:48:55","guid":{"rendered":"http:\/\/www.sincomam.org.br\/?p=11583"},"modified":"2015-04-10T10:50:34","modified_gmt":"2015-04-10T13:50:34","slug":"incendio-em-santos-e-apagado-mas-resfriamento-dos-tanques-continua","status":"publish","type":"post","link":"https:\/\/www.sincomam.org.br\/index.php\/incendio-em-santos-e-apagado-mas-resfriamento-dos-tanques-continua\/","title":{"rendered":"Inc\u00eandio em Santos \u00e9 apagado, mas resfriamento dos tanques continua"},"content":{"rendered":"<p>Os bombeiros apagaram ontem (9) o fogo no \u00faltimo tanque da empresa Ultracargo, no bairro da Alemoa, em Santos.\u00a0 O trabalho de resfriamento ainda continua, j\u00e1 que os vazamentos de combust\u00edveis ainda podem reiniciar as chamas. O inc\u00eandio come\u00e7ou h\u00e1 nove dias.<\/p>\n<p>Ontem, o comandante do Corpo de Bombeiros, Marco Aur\u00e9lio Alves Pinto, sobrevoou a \u00e1rea dos tanques em um helic\u00f3ptero e confirmou que o fogo estava controlado. O foco do trabalho hoje ser\u00e1 o resfriamento e o conserto de vazamentos nas tubula\u00e7\u00f5es.<\/p>\n<p>T\u00e9cnicos de uma empresa americana, contratada pela Ultracargo, chegam hoje a Santos para ajudar na etapa final. A empresa j\u00e1 combateu fogo em po\u00e7os de combust\u00edvel no Iraque ap\u00f3s bombardeio.<\/p>\n<p>Segundo a prefeitura de Santos, as atividades da empresa Ultracargo, que faz o armazenamento e a movimenta\u00e7\u00e3o de produtos qu\u00edmicos e petroqu\u00edmicos na \u00e1rea industrial da Alemoa, est\u00e3o embargadas at\u00e9 que sejam cumpridas determina\u00e7\u00f5es legais que garantam a seguran\u00e7a do local.<\/p>\n<p>Em nota, a empresa informou que seu terminal em Santos sempre funcionou com todas as licen\u00e7as e autoriza\u00e7\u00f5es necess\u00e1rias e que suas opera\u00e7\u00f5es obedecem a todas as legisla\u00e7\u00f5es, regula\u00e7\u00f5es e normas t\u00e9cnicas aplic\u00e1veis. A companhia garantiu que vai prestar todos os esclarecimentos necess\u00e1rios \u00e0 prefeitura e que continuar\u00e1 em coopera\u00e7\u00e3o com as autoridades.<\/p>\n<p>Fonte: Ag\u00eancia Brasil \/ Foto: Corpo de Bombeiros da PMESP<\/p>\n","protected":false},"excerpt":{"rendered":"<p>Os bombeiros apagaram ontem (9) o fogo no \u00faltimo tanque da empresa Ultracargo, no bairro da Alemoa, em Santos.\u00a0 O trabalho de resfriamento ainda continua,&#8230;<\/p>\n","protected":false},"author":1182,"featured_media":11586,"comment_status":"closed","ping_status":"closed","sticky":false,"template":"","format":"standard","meta":{"footnotes":""},"categories":[6],"tags":[],"class_list":["post-11583","post","type-post","status-publish","format-standard","has-post-thumbnail","hentry","category-noticias"],"_links":{"self":[{"href":"https:\/\/www.sincomam.org.br\/index.php\/wp-json\/wp\/v2\/posts\/11583","targetHints":{"allow":["GET"]}}],"collection":[{"href":"https:\/\/www.sincomam.org.br\/index.php\/wp-json\/wp\/v2\/posts"}],"about":[{"href":"https:\/\/www.sincomam.org.br\/index.php\/wp-json\/wp\/v2\/types\/post"}],"author":[{"embeddable":true,"href":"https:\/\/www.sincomam.org.br\/index.php\/wp-json\/wp\/v2\/users\/1182"}],"replies":[{"embeddable":true,"href":"https:\/\/www.sincomam.org.br\/index.php\/wp-json\/wp\/v2\/comments?post=11583"}],"version-history":[{"count":3,"href":"https:\/\/www.sincomam.org.br\/index.php\/wp-json\/wp\/v2\/posts\/11583\/revisions"}],"predecessor-version":[{"id":11587,"href":"https:\/\/www.sincomam.org.br\/index.php\/wp-json\/wp\/v2\/posts\/11583\/revisions\/11587"}],"wp:featuredmedia":[{"embeddable":true,"href":"https:\/\/www.sincomam.org.br\/index.php\/wp-json\/wp\/v2\/media\/11586"}],"wp:attachment":[{"href":"https:\/\/www.sincomam.org.br\/index.php\/wp-json\/wp\/v2\/media?parent=11583"}],"wp:term":[{"taxonomy":"category","embeddable":true,"href":"https:\/\/www.sincomam.org.br\/index.php\/wp-json\/wp\/v2\/categories?post=11583"},{"taxonomy":"post_tag","embeddable":true,"href":"https:\/\/www.sincomam.org.br\/index.php\/wp-json\/wp\/v2\/tags?post=11583"}],"curies":[{"name":"wp","href":"https:\/\/api.w.org\/{rel}","templated":true}]}}