{"id":11581,"date":"2015-04-10T10:44:38","date_gmt":"2015-04-10T13:44:38","guid":{"rendered":"http:\/\/www.sincomam.org.br\/?p=11581"},"modified":"2015-04-10T10:44:38","modified_gmt":"2015-04-10T13:44:38","slug":"tecon-salvador-amplia-movimentacao-de-cargas-eolicas","status":"publish","type":"post","link":"https:\/\/www.sincomam.org.br\/index.php\/tecon-salvador-amplia-movimentacao-de-cargas-eolicas\/","title":{"rendered":"Tecon Salvador amplia movimenta\u00e7\u00e3o de cargas e\u00f3licas"},"content":{"rendered":"<p><strong><em>Terminal recebeu mais de 80% dos equipamentos que chegaram via Porto de Salvador e deu um salto de 100% no volume de cargas operadas neste in\u00edcio do ano<\/em><\/strong><\/p>\n<p>O Terminal de Cont\u00eaineres de Salvador, empresa do Grupo Wilson Sons, anuncia a amplia\u00e7\u00e3o da movimenta\u00e7\u00e3o de cargas soltas (breakbulk) voltadas para a gera\u00e7\u00e3o de energia e\u00f3lica na Bahia. At\u00e9 mar\u00e7o, o terminal recebeu 32,4 mil metros c\u00fabicos (5 mil toneladas) em equipamentos, o que representa mais de 80% de todo o volume destinado ao Porto de Salvador nos primeiros meses do ano. J\u00e1 em rela\u00e7\u00e3o \u00e0 movimenta\u00e7\u00e3o do terminal no mesmo per\u00edodo de 2014, o crescimento foi de 100%.<\/p>\n<p>\u201cA Bahia recebeu cerca de R$ 4 bilh\u00f5es de investimentos em empreendimentos e\u00f3licos entre 2009 e 2014, e a previs\u00e3o \u00e9 de que outros R$ 5 bilh\u00f5es sejam investidos no setor at\u00e9 2016\u201d, afirmou o superintendente de Ind\u00fastria e Minera\u00e7\u00e3o da Secretaria de Desenvolvimento Econ\u00f4mico do Governo do Estado, Rafael Valverde.<\/p>\n<p>Ainda para esse ano, segundo o superintendente, est\u00e1 prevista a instala\u00e7\u00e3o de projetos como Alto Sert\u00e3o III, da Renova, na regi\u00e3o de Caetit\u00e9, e de empreendimentos no munic\u00edpio de Campo Formoso, pela Atlantic.<\/p>\n<p>Devido a esse potencial, o Tecon Salvador vem intensificando o atendimento de clientes do segmento, o que foi poss\u00edvel ap\u00f3s a amplia\u00e7\u00e3o e moderniza\u00e7\u00e3o do terminal em 2012. Para os pr\u00f3ximos meses, est\u00e1 previsto o recebimento de outros lotes do segmento e\u00f3lico, como guindastes, p\u00e1s e\u00f3licas, conjunto de torres e nacelles, al\u00e9m de outros tipos de cargas soltas (breakbulk).<\/p>\n<p>\u201cOperar cargas soltas especiais exige uma equipe especializada e treinada para lidar com medidas e peso fora do padr\u00e3o. Elas demandam o m\u00ednimo de transporte poss\u00edvel por serem equipamentos sens\u00edveis e de alto valor agregado. \u00c9 um desafio que o terminal j\u00e1 incorporou em seu dia a dia e ainda tem capacidade de ampliar sua movimenta\u00e7\u00e3o\u201d, completou a diretora comercial do Tecon Salvador, Patricia Iglesias.<\/p>\n<p>Diversas empresas formam a ampla cadeira de gera\u00e7\u00e3o de energia e\u00f3lica na Bahia. De acordo com a Secretaria de Desenvolvimento Econ\u00f4mico, hoje no Estado destacam-se entre os maiores fabricantes de aerogeradores a Alstom, Gamesa e Acciona. Na produ\u00e7\u00e3o de torres, figuram a Torrebras e a TEN. Em rela\u00e7\u00e3o aos geradores de energia el\u00e9trica pela fonte e\u00f3lica, os maiores players s\u00e3o Renova, Enel, CER, Sowitec, Brennand, Chesf, Rio Energy e Casa dos Ventos.<\/p>\n<p>Fonte: Reda\u00e7\u00e3o SINCOMAM<\/p>\n","protected":false},"excerpt":{"rendered":"<p>Terminal recebeu mais de 80% dos equipamentos que chegaram via Porto de Salvador e deu um salto de 100% no volume de cargas operadas neste&#8230;<\/p>\n","protected":false},"author":1182,"featured_media":11166,"comment_status":"closed","ping_status":"closed","sticky":false,"template":"","format":"standard","meta":{"footnotes":""},"categories":[6],"tags":[83,191,1743,237,847,429],"class_list":["post-11581","post","type-post","status-publish","format-standard","has-post-thumbnail","hentry","category-noticias","tag-ampliacao","tag-cargas","tag-eolicas","tag-movimentacao","tag-salvador","tag-tecon"],"_links":{"self":[{"href":"https:\/\/www.sincomam.org.br\/index.php\/wp-json\/wp\/v2\/posts\/11581","targetHints":{"allow":["GET"]}}],"collection":[{"href":"https:\/\/www.sincomam.org.br\/index.php\/wp-json\/wp\/v2\/posts"}],"about":[{"href":"https:\/\/www.sincomam.org.br\/index.php\/wp-json\/wp\/v2\/types\/post"}],"author":[{"embeddable":true,"href":"https:\/\/www.sincomam.org.br\/index.php\/wp-json\/wp\/v2\/users\/1182"}],"replies":[{"embeddable":true,"href":"https:\/\/www.sincomam.org.br\/index.php\/wp-json\/wp\/v2\/comments?post=11581"}],"version-history":[{"count":1,"href":"https:\/\/www.sincomam.org.br\/index.php\/wp-json\/wp\/v2\/posts\/11581\/revisions"}],"predecessor-version":[{"id":11582,"href":"https:\/\/www.sincomam.org.br\/index.php\/wp-json\/wp\/v2\/posts\/11581\/revisions\/11582"}],"wp:featuredmedia":[{"embeddable":true,"href":"https:\/\/www.sincomam.org.br\/index.php\/wp-json\/wp\/v2\/media\/11166"}],"wp:attachment":[{"href":"https:\/\/www.sincomam.org.br\/index.php\/wp-json\/wp\/v2\/media?parent=11581"}],"wp:term":[{"taxonomy":"category","embeddable":true,"href":"https:\/\/www.sincomam.org.br\/index.php\/wp-json\/wp\/v2\/categories?post=11581"},{"taxonomy":"post_tag","embeddable":true,"href":"https:\/\/www.sincomam.org.br\/index.php\/wp-json\/wp\/v2\/tags?post=11581"}],"curies":[{"name":"wp","href":"https:\/\/api.w.org\/{rel}","templated":true}]}}