{"id":11579,"date":"2015-04-10T10:39:36","date_gmt":"2015-04-10T13:39:36","guid":{"rendered":"http:\/\/www.sincomam.org.br\/?p=11579"},"modified":"2015-04-10T10:39:36","modified_gmt":"2015-04-10T13:39:36","slug":"policia-federal-deflagra-nova-fase-da-operacao-lava-jato","status":"publish","type":"post","link":"https:\/\/www.sincomam.org.br\/index.php\/policia-federal-deflagra-nova-fase-da-operacao-lava-jato\/","title":{"rendered":"Pol\u00edcia Federal deflagra nova fase da Opera\u00e7\u00e3o Lava Jato"},"content":{"rendered":"<p>A Pol\u00edcia Federal (PF) deflagrou na manh\u00e3 de hoje (10) a 11\u00aa fase da Opera\u00e7\u00e3o Lava Jato, intitulada A Origem, que investiga desvios de recursos na Petrobras. Cerca de 80 policiais federais cumprem 32 mandados judiciais: sete de pris\u00e3o, nove de condu\u00e7\u00e3o coercitiva e 16 de busca e apreens\u00e3o nos estados do Paran\u00e1, da Bahia, do Cear\u00e1, de Pernambuco, do Rio de Janeiro, de S\u00e3o Paulo e no Distrito Federal. Segundo a PF,\u00a0 tamb\u00e9m foi decretado o sequestro de um im\u00f3vel de alto padr\u00e3o na cidade de Londrina, no Paran\u00e1.<\/p>\n<p>De acordo com a PF, a atual fase tem como bases a investiga\u00e7\u00e3o feita em diversos inqu\u00e9ritos policiais e a baixa de procedimentos que tramitavam no Supremo Tribunal Federal, apurando fatos criminosos atribu\u00eddos a tr\u00eas grupos de ex-agentes pol\u00edticos, que abrangem os crimes de organiza\u00e7\u00e3o criminosa, quadrilha ou bando, corrup\u00e7\u00e3o ativa, corrup\u00e7\u00e3o passiva, fraude em procedimento licitat\u00f3rio, lavagem de dinheiro, uso de documento falso e tr\u00e1fico de influ\u00eancia.<\/p>\n<p>O \u00f3rg\u00e3o informou que a investiga\u00e7\u00e3o abrange, al\u00e9m de fatos ocorridos no \u00e2mbito da Petrobras, desvios de recursos em outros \u00f3rg\u00e3os p\u00fablicos federais.<\/p>\n<p>Os presos ser\u00e3o levados para a Superintend\u00eancia da Pol\u00edcia Federal em Curitiba, onde permanecer\u00e3o \u00e0 disposi\u00e7\u00e3o da Justi\u00e7a Federal.<\/p>\n<p>Fonte: Ag\u00eancia Brasil<\/p>\n","protected":false},"excerpt":{"rendered":"<p>A Pol\u00edcia Federal (PF) deflagrou na manh\u00e3 de hoje (10) a 11\u00aa fase da Opera\u00e7\u00e3o Lava Jato, intitulada A Origem, que investiga desvios de recursos&#8230;<\/p>\n","protected":false},"author":1182,"featured_media":9394,"comment_status":"closed","ping_status":"closed","sticky":false,"template":"","format":"standard","meta":{"footnotes":""},"categories":[6],"tags":[],"class_list":["post-11579","post","type-post","status-publish","format-standard","has-post-thumbnail","hentry","category-noticias"],"_links":{"self":[{"href":"https:\/\/www.sincomam.org.br\/index.php\/wp-json\/wp\/v2\/posts\/11579","targetHints":{"allow":["GET"]}}],"collection":[{"href":"https:\/\/www.sincomam.org.br\/index.php\/wp-json\/wp\/v2\/posts"}],"about":[{"href":"https:\/\/www.sincomam.org.br\/index.php\/wp-json\/wp\/v2\/types\/post"}],"author":[{"embeddable":true,"href":"https:\/\/www.sincomam.org.br\/index.php\/wp-json\/wp\/v2\/users\/1182"}],"replies":[{"embeddable":true,"href":"https:\/\/www.sincomam.org.br\/index.php\/wp-json\/wp\/v2\/comments?post=11579"}],"version-history":[{"count":1,"href":"https:\/\/www.sincomam.org.br\/index.php\/wp-json\/wp\/v2\/posts\/11579\/revisions"}],"predecessor-version":[{"id":11580,"href":"https:\/\/www.sincomam.org.br\/index.php\/wp-json\/wp\/v2\/posts\/11579\/revisions\/11580"}],"wp:featuredmedia":[{"embeddable":true,"href":"https:\/\/www.sincomam.org.br\/index.php\/wp-json\/wp\/v2\/media\/9394"}],"wp:attachment":[{"href":"https:\/\/www.sincomam.org.br\/index.php\/wp-json\/wp\/v2\/media?parent=11579"}],"wp:term":[{"taxonomy":"category","embeddable":true,"href":"https:\/\/www.sincomam.org.br\/index.php\/wp-json\/wp\/v2\/categories?post=11579"},{"taxonomy":"post_tag","embeddable":true,"href":"https:\/\/www.sincomam.org.br\/index.php\/wp-json\/wp\/v2\/tags?post=11579"}],"curies":[{"name":"wp","href":"https:\/\/api.w.org\/{rel}","templated":true}]}}