{"id":11573,"date":"2015-04-10T09:27:02","date_gmt":"2015-04-10T12:27:02","guid":{"rendered":"http:\/\/www.sincomam.org.br\/?p=11573"},"modified":"2015-04-10T09:27:02","modified_gmt":"2015-04-10T12:27:02","slug":"governador-da-paraiba-destaca-importancia-do-porto-de-cabedelo","status":"publish","type":"post","link":"https:\/\/www.sincomam.org.br\/index.php\/governador-da-paraiba-destaca-importancia-do-porto-de-cabedelo\/","title":{"rendered":"Governador da Para\u00edba destaca import\u00e2ncia do Porto de Cabedelo"},"content":{"rendered":"<p>Por ocasi\u00e3o do encontro do setor de log\u00edstica, transportes de cargas e com\u00e9rcio exterior da Am\u00e9rica Latina, a Intermodal South America 2015, na \u00faltima quarta-feira (8), o governador Ricardo Coutinho, em visita ao estande do Porto de Cabedelo, ressaltou a import\u00e2ncia da presen\u00e7a no evento para manter o di\u00e1logo com diversos operadores que atuam no setor e fechar novos neg\u00f3cios, contribuindo para aumentar a diversidade de mercadorias movimentadas em Cabedelo. \u201cEstamos apontando para um futuro de investimentos, buscando parcerias que possam dar ao Porto de Cabedelo uma competitividade maior do que tem hoje\u201d, afirmou.<\/p>\n<p>A dire\u00e7\u00e3o da Companhia Docas da Para\u00edba recebeu empres\u00e1rios do Brasil e do exterior que est\u00e3o interessados em operar no Porto. Entre eles, o presidente da Hamburg S\u00fcd e Alian\u00e7a Navega\u00e7\u00e3o e Log\u00edstica, Julian Thomas, e executivos da empresa Ultramar, que hoje atua como fornecedor log\u00edstico nos portos de Riga e S\u00e3o Petersburgo, na R\u00fassia.<\/p>\n<p>O presidente da Companhia Docas da Para\u00edba, Luc\u00e9lio Cartaxo, fez um balan\u00e7o positivo da participa\u00e7\u00e3o do Porto de Cabedelo na Intermodal. \u201cO porto \u00e9 um instrumento fundamental para o desenvolvimento do estado, por isso \u00e9 importante buscar parcerias e investimentos para melhorar ainda mais o Porto de Cabedelo\u201d, ressaltou.<\/p>\n<p>Luc\u00e9lio Cartaxo ainda destacou que o Porto de Cabedelo deve conseguir elevar a movimenta\u00e7\u00e3o de cargas este ano devido a implementa\u00e7\u00e3o do funcionamento em hor\u00e1rio integral do Porto. Para isso, o Governo Federal vai liberar aproximadamente R$ 3 milh\u00f5es para investimentos em sinaliza\u00e7\u00e3o e demais ajustes para que o Porto possa receber navios tamb\u00e9m durante o per\u00edodo noturno.<\/p>\n<p>Tamb\u00e9m visitaram o estande do Porto de Cabedelo a presidente da Companhia de Desenvolvimento da Para\u00edba (Cinep), Tatiana Domiciano, e a secret\u00e1ria-executiva do Desenvolvimento Municipal, Cl\u00e1udia Veras.<\/p>\n<p>Intermodal South America 2015 \u2013 Em sua 21\u00aa edi\u00e7\u00e3o, o evento re\u00fane 600 expositores de 26 pa\u00edses e deve receber mais de 48 mil visitantes. Considerado pelos executivos da ind\u00fastria como uma plataforma estrat\u00e9gica para a gera\u00e7\u00e3o de novos neg\u00f3cios, a Intermodal South America re\u00fane, durante tr\u00eas dias, os principais protagonistas do mercado internacional e nacional, promovendo neg\u00f3cios e parcerias, funcionando como uma plataforma para lan\u00e7amentos, refor\u00e7o de marca, vendas e networking.<\/p>\n<p>Fonte: Secom-PB<\/p>\n","protected":false},"excerpt":{"rendered":"<p>Por ocasi\u00e3o do encontro do setor de log\u00edstica, transportes de cargas e com\u00e9rcio exterior da Am\u00e9rica Latina, a Intermodal South America 2015, na \u00faltima quarta-feira&#8230;<\/p>\n","protected":false},"author":1182,"featured_media":10000,"comment_status":"closed","ping_status":"closed","sticky":false,"template":"","format":"standard","meta":{"footnotes":""},"categories":[6],"tags":[],"class_list":["post-11573","post","type-post","status-publish","format-standard","has-post-thumbnail","hentry","category-noticias"],"_links":{"self":[{"href":"https:\/\/www.sincomam.org.br\/index.php\/wp-json\/wp\/v2\/posts\/11573","targetHints":{"allow":["GET"]}}],"collection":[{"href":"https:\/\/www.sincomam.org.br\/index.php\/wp-json\/wp\/v2\/posts"}],"about":[{"href":"https:\/\/www.sincomam.org.br\/index.php\/wp-json\/wp\/v2\/types\/post"}],"author":[{"embeddable":true,"href":"https:\/\/www.sincomam.org.br\/index.php\/wp-json\/wp\/v2\/users\/1182"}],"replies":[{"embeddable":true,"href":"https:\/\/www.sincomam.org.br\/index.php\/wp-json\/wp\/v2\/comments?post=11573"}],"version-history":[{"count":1,"href":"https:\/\/www.sincomam.org.br\/index.php\/wp-json\/wp\/v2\/posts\/11573\/revisions"}],"predecessor-version":[{"id":11574,"href":"https:\/\/www.sincomam.org.br\/index.php\/wp-json\/wp\/v2\/posts\/11573\/revisions\/11574"}],"wp:featuredmedia":[{"embeddable":true,"href":"https:\/\/www.sincomam.org.br\/index.php\/wp-json\/wp\/v2\/media\/10000"}],"wp:attachment":[{"href":"https:\/\/www.sincomam.org.br\/index.php\/wp-json\/wp\/v2\/media?parent=11573"}],"wp:term":[{"taxonomy":"category","embeddable":true,"href":"https:\/\/www.sincomam.org.br\/index.php\/wp-json\/wp\/v2\/categories?post=11573"},{"taxonomy":"post_tag","embeddable":true,"href":"https:\/\/www.sincomam.org.br\/index.php\/wp-json\/wp\/v2\/tags?post=11573"}],"curies":[{"name":"wp","href":"https:\/\/api.w.org\/{rel}","templated":true}]}}