{"id":11528,"date":"2015-04-08T10:35:36","date_gmt":"2015-04-08T13:35:36","guid":{"rendered":"http:\/\/www.sincomam.org.br\/?p=11528"},"modified":"2015-04-08T10:35:36","modified_gmt":"2015-04-08T13:35:36","slug":"empresa-americana-amplia-cais-do-porto-do-acu-em-220-metros","status":"publish","type":"post","link":"https:\/\/www.sincomam.org.br\/index.php\/empresa-americana-amplia-cais-do-porto-do-acu-em-220-metros\/","title":{"rendered":"EMPRESA AMERICANA AMPLIA CAIS DO PORTO DO A\u00c7U EM 220 METROS"},"content":{"rendered":"<p>A empresa Prumo Log\u00edstica Global, respons\u00e1vel pelo empreendimento do Porto do A\u00e7u em S\u00e3o Jo\u00e3o da Barra, no Norte Fluminense, divulgou que empresa americana Edison Chouest ampliou em 220 metros o cais de sua unidade no empreendimento, onde est\u00e1 instalando uma base de apoio log\u00edstico offshore e estaleiro de reparos navais para suas pr\u00f3prias embarca\u00e7\u00f5es.<\/p>\n<p>O cais contava com 490 metros e atualmente tem 710 metros. A \u00e1rea total alugada no Porto do A\u00e7u passa a ser de 411,8 mil m\u00b2. Com a expans\u00e3o, a base no Porto do A\u00e7u, que poder\u00e1 receber at\u00e9 14 embarca\u00e7\u00f5es, atender\u00e1 aos atuais clientes da Edison Chouest.<\/p>\n<p>A previs\u00e3o \u00e9 que sejam investidos R$ 950 milh\u00f5es no desenvolvimento da unidade, que deve come\u00e7ar a operar no 2\u00ba semestre deste ano. No total, ser\u00e3o gerados 900 empregos na base. Segundo a Prumo, esta \u00e9 a segunda expans\u00e3o de cais exercida pela Edison Chouest, que ainda possui duas op\u00e7\u00f5es que podem ser realizadas at\u00e9 outubro de 2015. Caso a empresa exer\u00e7a todas as op\u00e7\u00f5es, seu cais poder\u00e1 chegar a 990 metros.<\/p>\n<p>\u201cA expans\u00e3o da base no Porto do A\u00e7u est\u00e1 em linha com o plano de expans\u00e3o da Edison Chouest no Brasil, e nos prepara para atender as demandas dos atuais clientes e tamb\u00e9m do pr\u00e9-sal. O petr\u00f3leo est\u00e1 no fundo do mar e a sua retirada \u00e9 fundamental para o desenvolvimento do nosso Pa\u00eds\u201d, disse Ricardo Chagas, disse diretor da Edison Chouest.<\/p>\n<p>Fonte: G1 Norte Fluminense<\/p>\n","protected":false},"excerpt":{"rendered":"<p>A empresa Prumo Log\u00edstica Global, respons\u00e1vel pelo empreendimento do Porto do A\u00e7u em S\u00e3o Jo\u00e3o da Barra, no Norte Fluminense, divulgou que empresa americana Edison&#8230;<\/p>\n","protected":false},"author":1182,"featured_media":5691,"comment_status":"closed","ping_status":"closed","sticky":false,"template":"","format":"standard","meta":{"footnotes":""},"categories":[6],"tags":[],"class_list":["post-11528","post","type-post","status-publish","format-standard","has-post-thumbnail","hentry","category-noticias"],"_links":{"self":[{"href":"https:\/\/www.sincomam.org.br\/index.php\/wp-json\/wp\/v2\/posts\/11528","targetHints":{"allow":["GET"]}}],"collection":[{"href":"https:\/\/www.sincomam.org.br\/index.php\/wp-json\/wp\/v2\/posts"}],"about":[{"href":"https:\/\/www.sincomam.org.br\/index.php\/wp-json\/wp\/v2\/types\/post"}],"author":[{"embeddable":true,"href":"https:\/\/www.sincomam.org.br\/index.php\/wp-json\/wp\/v2\/users\/1182"}],"replies":[{"embeddable":true,"href":"https:\/\/www.sincomam.org.br\/index.php\/wp-json\/wp\/v2\/comments?post=11528"}],"version-history":[{"count":1,"href":"https:\/\/www.sincomam.org.br\/index.php\/wp-json\/wp\/v2\/posts\/11528\/revisions"}],"predecessor-version":[{"id":11529,"href":"https:\/\/www.sincomam.org.br\/index.php\/wp-json\/wp\/v2\/posts\/11528\/revisions\/11529"}],"wp:featuredmedia":[{"embeddable":true,"href":"https:\/\/www.sincomam.org.br\/index.php\/wp-json\/wp\/v2\/media\/5691"}],"wp:attachment":[{"href":"https:\/\/www.sincomam.org.br\/index.php\/wp-json\/wp\/v2\/media?parent=11528"}],"wp:term":[{"taxonomy":"category","embeddable":true,"href":"https:\/\/www.sincomam.org.br\/index.php\/wp-json\/wp\/v2\/categories?post=11528"},{"taxonomy":"post_tag","embeddable":true,"href":"https:\/\/www.sincomam.org.br\/index.php\/wp-json\/wp\/v2\/tags?post=11528"}],"curies":[{"name":"wp","href":"https:\/\/api.w.org\/{rel}","templated":true}]}}