{"id":11525,"date":"2015-04-08T10:32:32","date_gmt":"2015-04-08T13:32:32","guid":{"rendered":"http:\/\/www.sincomam.org.br\/?p=11525"},"modified":"2015-04-08T10:32:32","modified_gmt":"2015-04-08T13:32:32","slug":"santos-recebe-ajuda-da-fab-para-combater-incendio-em-tanques-da-ultracargo","status":"publish","type":"post","link":"https:\/\/www.sincomam.org.br\/index.php\/santos-recebe-ajuda-da-fab-para-combater-incendio-em-tanques-da-ultracargo\/","title":{"rendered":"Santos recebe ajuda da FAB para combater inc\u00eandio em tanques da Ultracargo"},"content":{"rendered":"<p>O inc\u00eandio nos tanques da empresa Ultracargo, no bairro da Alemoa, na cidade de Santos, entraram ontem (7) no sexto dia. A \u00e1rea continua isolada, pois o fogo ainda atinge dois tanques de gasolina. Os Bombeiros seguem trabalhando desde a \u00faltima quinta-feira (2) sem interrup\u00e7\u00e3o.<\/p>\n<p>Nesta madrugada, um avi\u00e3o da For\u00e7a A\u00e9rea Brasileira (FAB) levou mais um produto para refor\u00e7ar no combate ao fogo: um p\u00f3 qu\u00edmico seco cedido pela Infraero. O produto \u00e9 uma esp\u00e9cie de espuma, semelhante ao conte\u00fado de extintores de carro, mas que \u00e9 usado de forma mais eficiente no combate a inc\u00eandios em avi\u00f5es e aeroportos.<\/p>\n<p>Al\u00e9m da novidade, sete rebocadores continuam auxiliando na capta\u00e7\u00e3o de \u00e1gua do mar, usada pelos caminh\u00f5es de inc\u00eandio. Os Bombeiros utilizam mangueiras de 650 metros de comprimento para alcan\u00e7ar a \u00e1gua no canal do Porto de Santos. Os navios que fazem a capta\u00e7\u00e3o t\u00eam capacidade para enviar 75 mil litros de \u00e1gua por minuto.<\/p>\n<p>Nesta segunda-feIRA (6), a Companhia de Tecnologia de Saneamento Ambiental (Cetesb) do estado de S\u00e3o Paulo informou que suas esta\u00e7\u00f5es de monitoramento da qualidade do ar em Santos n\u00e3o detectaram aumento significativo na concentra\u00e7\u00e3o de poluentes no munic\u00edpio em raz\u00e3o do inc\u00eandio. Em nota, a empresa Ultracargo informou que realiza, por meio de uma empresa especializada, o monitoramento e controle de risco ambiental na \u00e1rea do acidente.<\/p>\n<p>Desde ontem, o acesso de caminh\u00f5es com destino ao Porto de Santos na Via Anchieta foi restringido, em raz\u00e3o do inc\u00eandio e a restri\u00e7\u00e3o vai at\u00e9 sexta-feira (10). Segundo a Ecovias, concession\u00e1ria que administra essa rodovia, a pista apresenta tr\u00e1fego lento no sentido litoral, do quil\u00f4metro 31 ao 40, devido \u00e0 triagem de ve\u00edculos feita pela Pol\u00edcia Rodovi\u00e1ria. Apenas caminh\u00f5es com produtos perec\u00edveis s\u00e3o liberados, pela pol\u00edcia, para seguir at\u00e9 Porto Santos.<\/p>\n<p>Fonte: EBC<\/p>\n","protected":false},"excerpt":{"rendered":"<p>O inc\u00eandio nos tanques da empresa Ultracargo, no bairro da Alemoa, na cidade de Santos, entraram ontem (7) no sexto dia. A \u00e1rea continua isolada,&#8230;<\/p>\n","protected":false},"author":1182,"featured_media":11526,"comment_status":"closed","ping_status":"closed","sticky":false,"template":"","format":"standard","meta":{"footnotes":""},"categories":[6],"tags":[115,80,89,1742],"class_list":["post-11525","post","type-post","status-publish","format-standard","has-post-thumbnail","hentry","category-noticias","tag-incendio","tag-porto","tag-santos","tag-ultracargo"],"_links":{"self":[{"href":"https:\/\/www.sincomam.org.br\/index.php\/wp-json\/wp\/v2\/posts\/11525","targetHints":{"allow":["GET"]}}],"collection":[{"href":"https:\/\/www.sincomam.org.br\/index.php\/wp-json\/wp\/v2\/posts"}],"about":[{"href":"https:\/\/www.sincomam.org.br\/index.php\/wp-json\/wp\/v2\/types\/post"}],"author":[{"embeddable":true,"href":"https:\/\/www.sincomam.org.br\/index.php\/wp-json\/wp\/v2\/users\/1182"}],"replies":[{"embeddable":true,"href":"https:\/\/www.sincomam.org.br\/index.php\/wp-json\/wp\/v2\/comments?post=11525"}],"version-history":[{"count":1,"href":"https:\/\/www.sincomam.org.br\/index.php\/wp-json\/wp\/v2\/posts\/11525\/revisions"}],"predecessor-version":[{"id":11527,"href":"https:\/\/www.sincomam.org.br\/index.php\/wp-json\/wp\/v2\/posts\/11525\/revisions\/11527"}],"wp:featuredmedia":[{"embeddable":true,"href":"https:\/\/www.sincomam.org.br\/index.php\/wp-json\/wp\/v2\/media\/11526"}],"wp:attachment":[{"href":"https:\/\/www.sincomam.org.br\/index.php\/wp-json\/wp\/v2\/media?parent=11525"}],"wp:term":[{"taxonomy":"category","embeddable":true,"href":"https:\/\/www.sincomam.org.br\/index.php\/wp-json\/wp\/v2\/categories?post=11525"},{"taxonomy":"post_tag","embeddable":true,"href":"https:\/\/www.sincomam.org.br\/index.php\/wp-json\/wp\/v2\/tags?post=11525"}],"curies":[{"name":"wp","href":"https:\/\/api.w.org\/{rel}","templated":true}]}}