{"id":11523,"date":"2015-04-08T10:25:33","date_gmt":"2015-04-08T13:25:33","guid":{"rendered":"http:\/\/www.sincomam.org.br\/?p=11523"},"modified":"2015-04-08T10:25:33","modified_gmt":"2015-04-08T13:25:33","slug":"ministerio-da-defesa-apoia-hidrovia-de-1-076-km-no-rio-madeira","status":"publish","type":"post","link":"https:\/\/www.sincomam.org.br\/index.php\/ministerio-da-defesa-apoia-hidrovia-de-1-076-km-no-rio-madeira\/","title":{"rendered":"Minist\u00e9rio da Defesa apoia hidrovia de 1.076 km no Rio Madeira"},"content":{"rendered":"<p>Em sua terceira visita \u00e0 Amaz\u00f4nia desde que assumiu a pasta, o ministro da Defesa, Jaques Wagner, anunciou apoio \u00e0 implementa\u00e7\u00e3o da Hidrovia do Rio Madeira, que cortar\u00e1 os estados de Rond\u00f4nia e do Amazonas.<\/p>\n<p>Or\u00e7ada em R$ 40 milh\u00f5es \u2013 pre\u00e7o equivalente a apenas 40 km de rodovia -, a hidrovia ter\u00e1 uma extens\u00e3o de 1.076 km. Jaques Wagner acredita que o momento \u00e9 adequado para o governo federal investir no transporte hidrovi\u00e1rio. &#8220;O custo do transporte nas hidrovias \u00e9 mais barato e na Amaz\u00f4nia n\u00e3o temos estradas&#8221;, disse o ministro.<\/p>\n<p>Wagner anunciou que articular\u00e1 junto a outros minist\u00e9rios apoio \u00e0 Marinha do Brasil para a realiza\u00e7\u00e3o das quatros fases necess\u00e1rias para a implementa\u00e7\u00e3o da hidrovia: levantamento hidrogr\u00e1fico, produ\u00e7\u00e3o de carta n\u00e1utica, sinaliza\u00e7\u00e3o e dragagem dos pontos cr\u00edticos do leito dos rios. Navio Hidroceanogr\u00e1fico \u201cRio Branco\u201d Na Esta\u00e7\u00e3o Naval do Rio Negro (AM), o ministro participou da cerim\u00f4nia de entrega do Navio Hidroceanogr\u00e1fico \u201cRio Branco\u201d.<\/p>\n<p>Com investimentos de R$ 48 milh\u00f5es em equipamentos, a embarca\u00e7\u00e3o desenvolvida pela Ind\u00fastria Naval do Cear\u00e1 (Inace) ir\u00e1 aumentar a seguran\u00e7a da trafegabilidade dos rios amaz\u00f4nicos. A entrada em opera\u00e7\u00e3o do \u201cRio Branco\u201d deve baratear os custos de transporte na regi\u00e3o.<\/p>\n<p>Atualmente, para navegar de Manaus a Tabatinga, \u00e9 necess\u00e1rio a contrata\u00e7\u00e3o de uma lancha ao custo de R$ 60 mil. Embarca\u00e7\u00e3o desenvolvida pela Ind\u00fastria Naval do Cear\u00e1 ir\u00e1 aumentar a seguran\u00e7a da trafegabilidade dos rios amaz\u00f4nicos<\/p>\n<p>Fonte: Minist\u00e9rio da Defesa<\/p>\n","protected":false},"excerpt":{"rendered":"<p>Em sua terceira visita \u00e0 Amaz\u00f4nia desde que assumiu a pasta, o ministro da Defesa, Jaques Wagner, anunciou apoio \u00e0 implementa\u00e7\u00e3o da Hidrovia do Rio&#8230;<\/p>\n","protected":false},"author":1182,"featured_media":4181,"comment_status":"closed","ping_status":"closed","sticky":false,"template":"","format":"standard","meta":{"footnotes":""},"categories":[6],"tags":[],"class_list":["post-11523","post","type-post","status-publish","format-standard","has-post-thumbnail","hentry","category-noticias"],"_links":{"self":[{"href":"https:\/\/www.sincomam.org.br\/index.php\/wp-json\/wp\/v2\/posts\/11523","targetHints":{"allow":["GET"]}}],"collection":[{"href":"https:\/\/www.sincomam.org.br\/index.php\/wp-json\/wp\/v2\/posts"}],"about":[{"href":"https:\/\/www.sincomam.org.br\/index.php\/wp-json\/wp\/v2\/types\/post"}],"author":[{"embeddable":true,"href":"https:\/\/www.sincomam.org.br\/index.php\/wp-json\/wp\/v2\/users\/1182"}],"replies":[{"embeddable":true,"href":"https:\/\/www.sincomam.org.br\/index.php\/wp-json\/wp\/v2\/comments?post=11523"}],"version-history":[{"count":1,"href":"https:\/\/www.sincomam.org.br\/index.php\/wp-json\/wp\/v2\/posts\/11523\/revisions"}],"predecessor-version":[{"id":11524,"href":"https:\/\/www.sincomam.org.br\/index.php\/wp-json\/wp\/v2\/posts\/11523\/revisions\/11524"}],"wp:featuredmedia":[{"embeddable":true,"href":"https:\/\/www.sincomam.org.br\/index.php\/wp-json\/wp\/v2\/media\/4181"}],"wp:attachment":[{"href":"https:\/\/www.sincomam.org.br\/index.php\/wp-json\/wp\/v2\/media?parent=11523"}],"wp:term":[{"taxonomy":"category","embeddable":true,"href":"https:\/\/www.sincomam.org.br\/index.php\/wp-json\/wp\/v2\/categories?post=11523"},{"taxonomy":"post_tag","embeddable":true,"href":"https:\/\/www.sincomam.org.br\/index.php\/wp-json\/wp\/v2\/tags?post=11523"}],"curies":[{"name":"wp","href":"https:\/\/api.w.org\/{rel}","templated":true}]}}