{"id":11510,"date":"2015-04-06T09:38:27","date_gmt":"2015-04-06T12:38:27","guid":{"rendered":"http:\/\/www.sincomam.org.br\/?p=11510"},"modified":"2015-04-06T09:38:27","modified_gmt":"2015-04-06T12:38:27","slug":"tesoureiro-do-pt-nao-ficara-em-silencio-na-cpi-da-petrobras","status":"publish","type":"post","link":"https:\/\/www.sincomam.org.br\/index.php\/tesoureiro-do-pt-nao-ficara-em-silencio-na-cpi-da-petrobras\/","title":{"rendered":"Tesoureiro do PT n\u00e3o ficar\u00e1 em sil\u00eancio na CPI da Petrobras"},"content":{"rendered":"<p><strong><em>Jo\u00e3o Vaccari Neto decidiu que vai responder \u00e0s perguntas de parlamentares na quinta-feira<\/em><\/strong><\/p>\n<p>O tesoureiro do PT, Jo\u00e3o Vaccari Neto, j\u00e1 decidiu que vai responder a todas as perguntas durante o depoimento \u00e0 CPI da Petrobras, marcado para a pr\u00f3xima quinta-feira. O advogado do petista, Luiz Fl\u00e1vio D\u2019Urso, afirmou ao GLOBO que n\u00e3o vai ingressar no Supremo Tribunal Federal (STF) com pedido de habeas corpus para evitar o depoimento ou garantir a seu cliente o direito de ficar calado, uma vez que prestar\u00e1 testemunho na condi\u00e7\u00e3o de investigado.<\/p>\n<p>\u2014 Ele vai comparecer e responder a todas as perguntas \u2014 disse D\u2019Urso.<\/p>\n<p>Vaccari deve manter as declara\u00e7\u00f5es que tem feito por meio de sua assessoria \u00e0 imprensa, negando ter recebido propina das empreiteiras contratadas pela Petrobras em forma de doa\u00e7\u00f5es ao partido. Vaccari j\u00e1 havia admitido ter se encontrado com Pedro Barusco, ex-gerente da Petrobras, mas negou que tenha recebido dinheiro dele ou discutido com ele algo sobre doa\u00e7\u00f5es.<\/p>\n<p>Com o interesse da oposi\u00e7\u00e3o de usar o esc\u00e2ndalo para enfraquecer ainda mais o governo de Dilma Rousseff e o PT, o depoimento deve aumentar a press\u00e3o de petistas para que o tesoureiro se afaste do cargo. O PSDB e o DEM pretendem utilizar a presen\u00e7a de Vaccari na CPI para tentar turbinar as manifesta\u00e7\u00f5es de rua contra o governo marcadas para o pr\u00f3ximo domingo.<\/p>\n<p>\u2014 A oposi\u00e7\u00e3o tem feito um espet\u00e1culo. Fica parecendo que n\u00e3o \u00e9 combate \u00e0 corrup\u00e7\u00e3o, \u00e9 combate ao PT\u2014 disse o deputado Afonso Florence (PT-BA), integrante da CPI.<\/p>\n<p>Pelo cronograma acordado inicialmente entre o presidente da CPI, Hugo Motta (PB), e o relator, Luiz S\u00e9rgio (PT-RJ), Vaccari s\u00f3 seria ouvido mais adiante. O vice-presidente da comiss\u00e3o, Antonio Imbassahy (PSDB-BA), aproveitou viagem do titular ao exterior para antecipar o depoimento do tesoureiro do PT para quinta-feira.<\/p>\n<p>\u2014 Acho importante porque ele tem sido muito acusado pelo pr\u00f3prio doleiro Alberto Yousseff, pelo (Pedro) Barusco. Quanto mais cedo ele falar, melhor para todo mundo, inclusive para ele. \u00c9 uma oportunidade para ele esclarecer \u2014 afirmou Imbassahy, que n\u00e3o descarta uma acarea\u00e7\u00e3o posterior entre Vaccari e Barusco.<\/p>\n<p>Vaccari \u00e9 r\u00e9u, desde o \u00faltimo dia 23, em um dos processos decorrentes da Opera\u00e7\u00e3o Lava-Jato na Justi\u00e7a Federal. \u00c9 acusado de corrup\u00e7\u00e3o, lavagem de dinheiro e forma\u00e7\u00e3o de quadrilha. A den\u00fancia foi feita pelo Minist\u00e9rio P\u00fablico, que investiga o esquema de corrup\u00e7\u00e3o na Petrobras. Apesar de press\u00f5es de integrantes do partido e do Pal\u00e1cio do Planalto, Vaccari resiste em se licenciar do cargo. Segundo pessoas pr\u00f3ximas, ele tem se mostrado magoado com o que considera uma condena\u00e7\u00e3o pr\u00e9via e afirma que seu eventual afastamento atrapalharia sua defesa.<\/p>\n<p>O PT ainda tinha a expectativa de que o presidente da CPI mantivesse o cronograma inicial e adiasse o depoimento, mas Motta confirmou a agenda, na \u00faltima quinta-feira.<\/p>\n<p>\u2014 Ele vem em uma boa hora para prestar esclarecimentos \u00e0 CPI \u2014 disse o presidente da comiss\u00e3o.<\/p>\n<p>Fonte: O Globo \/ Julianna Granjeia \/ Fernanda Krakovics<\/p>\n","protected":false},"excerpt":{"rendered":"<p>Jo\u00e3o Vaccari Neto decidiu que vai responder \u00e0s perguntas de parlamentares na quinta-feira O tesoureiro do PT, Jo\u00e3o Vaccari Neto, j\u00e1 decidiu que vai responder&#8230;<\/p>\n","protected":false},"author":1182,"featured_media":5717,"comment_status":"closed","ping_status":"closed","sticky":false,"template":"","format":"standard","meta":{"footnotes":""},"categories":[6],"tags":[],"class_list":["post-11510","post","type-post","status-publish","format-standard","has-post-thumbnail","hentry","category-noticias"],"_links":{"self":[{"href":"https:\/\/www.sincomam.org.br\/index.php\/wp-json\/wp\/v2\/posts\/11510","targetHints":{"allow":["GET"]}}],"collection":[{"href":"https:\/\/www.sincomam.org.br\/index.php\/wp-json\/wp\/v2\/posts"}],"about":[{"href":"https:\/\/www.sincomam.org.br\/index.php\/wp-json\/wp\/v2\/types\/post"}],"author":[{"embeddable":true,"href":"https:\/\/www.sincomam.org.br\/index.php\/wp-json\/wp\/v2\/users\/1182"}],"replies":[{"embeddable":true,"href":"https:\/\/www.sincomam.org.br\/index.php\/wp-json\/wp\/v2\/comments?post=11510"}],"version-history":[{"count":1,"href":"https:\/\/www.sincomam.org.br\/index.php\/wp-json\/wp\/v2\/posts\/11510\/revisions"}],"predecessor-version":[{"id":11511,"href":"https:\/\/www.sincomam.org.br\/index.php\/wp-json\/wp\/v2\/posts\/11510\/revisions\/11511"}],"wp:featuredmedia":[{"embeddable":true,"href":"https:\/\/www.sincomam.org.br\/index.php\/wp-json\/wp\/v2\/media\/5717"}],"wp:attachment":[{"href":"https:\/\/www.sincomam.org.br\/index.php\/wp-json\/wp\/v2\/media?parent=11510"}],"wp:term":[{"taxonomy":"category","embeddable":true,"href":"https:\/\/www.sincomam.org.br\/index.php\/wp-json\/wp\/v2\/categories?post=11510"},{"taxonomy":"post_tag","embeddable":true,"href":"https:\/\/www.sincomam.org.br\/index.php\/wp-json\/wp\/v2\/tags?post=11510"}],"curies":[{"name":"wp","href":"https:\/\/api.w.org\/{rel}","templated":true}]}}