{"id":11506,"date":"2015-04-06T09:30:07","date_gmt":"2015-04-06T12:30:07","guid":{"rendered":"http:\/\/www.sincomam.org.br\/?p=11506"},"modified":"2015-04-06T09:30:07","modified_gmt":"2015-04-06T12:30:07","slug":"ultracargo-diz-que-e-cedo-para-determinar-causa-de-incendio","status":"publish","type":"post","link":"https:\/\/www.sincomam.org.br\/index.php\/ultracargo-diz-que-e-cedo-para-determinar-causa-de-incendio\/","title":{"rendered":"Ultracargo diz que \u00e9 cedo para determinar causa de inc\u00eandio"},"content":{"rendered":"<p>A Ultracargo, empresa respons\u00e1vel pelos tanques atingidos por inc\u00eandio esta manh\u00e3 na \u00e1rea privada do Porto de Santos afirmou que o fogo \u201cest\u00e1 contido\u201d e que ainda \u00e9 cedo para fazer qualquer afirma\u00e7\u00e3o sobre as causas do incidente.<\/p>\n<p>Em nota, a empresa destaca que a equipe da Brigada de Inc\u00eandio evacuou a \u00e1rea e acionou o plano de ajuda m\u00fatua. \u201cO inc\u00eandio est\u00e1 contido e os bombeiros j\u00e1 est\u00e3o trabalhando no local para debelar as chamas e atuar no resfriamento dos tanques\u201d, diz a nota. De acordo com a Ultracargo, n\u00e3o houve v\u00edtimas.<\/p>\n<p>O fogo come\u00e7ou por volta das 10h em um dos tanques de \u00e1lcool da empresa e atingiu um segundo pouco tempo depois. O inc\u00eandio atinge o bairro da Alemoa, terminal privada fora da \u00e1rea de jurisdi\u00e7\u00e3o do porto organizado. A regi\u00e3o \u00e9 cercada por terminais-tanque de gran\u00e9is l\u00edquidos, alguns inflam\u00e1veis.<\/p>\n<p>Perto do meio dia, a Capitania dos Portos determinou a suspens\u00e3o da circula\u00e7\u00e3o de navios no porto de Santos da regi\u00e3o da BTP (terminal de cont\u00eaineres) at\u00e9 o fim do canal de navega\u00e7\u00e3o, pr\u00f3ximo a Cubat\u00e3o.<\/p>\n<p>Fonte: Valor Econ\u00f4mico\/Gabriel Caprioli<br \/>Foto: ilustrativa<\/p>\n","protected":false},"excerpt":{"rendered":"<p>A Ultracargo, empresa respons\u00e1vel pelos tanques atingidos por inc\u00eandio esta manh\u00e3 na \u00e1rea privada do Porto de Santos afirmou que o fogo \u201cest\u00e1 contido\u201d e&#8230;<\/p>\n","protected":false},"author":1182,"featured_media":6170,"comment_status":"closed","ping_status":"closed","sticky":false,"template":"","format":"standard","meta":{"footnotes":""},"categories":[6],"tags":[],"class_list":["post-11506","post","type-post","status-publish","format-standard","has-post-thumbnail","hentry","category-noticias"],"_links":{"self":[{"href":"https:\/\/www.sincomam.org.br\/index.php\/wp-json\/wp\/v2\/posts\/11506","targetHints":{"allow":["GET"]}}],"collection":[{"href":"https:\/\/www.sincomam.org.br\/index.php\/wp-json\/wp\/v2\/posts"}],"about":[{"href":"https:\/\/www.sincomam.org.br\/index.php\/wp-json\/wp\/v2\/types\/post"}],"author":[{"embeddable":true,"href":"https:\/\/www.sincomam.org.br\/index.php\/wp-json\/wp\/v2\/users\/1182"}],"replies":[{"embeddable":true,"href":"https:\/\/www.sincomam.org.br\/index.php\/wp-json\/wp\/v2\/comments?post=11506"}],"version-history":[{"count":1,"href":"https:\/\/www.sincomam.org.br\/index.php\/wp-json\/wp\/v2\/posts\/11506\/revisions"}],"predecessor-version":[{"id":11507,"href":"https:\/\/www.sincomam.org.br\/index.php\/wp-json\/wp\/v2\/posts\/11506\/revisions\/11507"}],"wp:featuredmedia":[{"embeddable":true,"href":"https:\/\/www.sincomam.org.br\/index.php\/wp-json\/wp\/v2\/media\/6170"}],"wp:attachment":[{"href":"https:\/\/www.sincomam.org.br\/index.php\/wp-json\/wp\/v2\/media?parent=11506"}],"wp:term":[{"taxonomy":"category","embeddable":true,"href":"https:\/\/www.sincomam.org.br\/index.php\/wp-json\/wp\/v2\/categories?post=11506"},{"taxonomy":"post_tag","embeddable":true,"href":"https:\/\/www.sincomam.org.br\/index.php\/wp-json\/wp\/v2\/tags?post=11506"}],"curies":[{"name":"wp","href":"https:\/\/api.w.org\/{rel}","templated":true}]}}