{"id":11486,"date":"2015-04-02T08:32:28","date_gmt":"2015-04-02T11:32:28","guid":{"rendered":"http:\/\/www.sincomam.org.br\/?p=11486"},"modified":"2015-04-01T19:40:38","modified_gmt":"2015-04-01T22:40:38","slug":"nao-houve-superfaturamento-na-refinaria-abreu-e-lima-diz-ex-gerente","status":"publish","type":"post","link":"https:\/\/www.sincomam.org.br\/index.php\/nao-houve-superfaturamento-na-refinaria-abreu-e-lima-diz-ex-gerente\/","title":{"rendered":"N\u00e3o houve superfaturamento na Refinaria Abreu e Lima, diz ex-gerente"},"content":{"rendered":"<p>O ex-gerente geral da Refinaria Abreu e Lima, em Pernambuco, Glauco Legatti, negou hoje (31) superfaturamento na obra do empreendimento. \u201cN\u00e3o teve superfaturamento na obra\u201d, disse Leggati, em depoimento na Comiss\u00e3o Parlamentar de Inqu\u00e9rito (CPI) da Petrobras. \u201cN\u00e3o existe na refinaria um servi\u00e7o sem ter contrapartida.\u201d<\/p>\n<p>De acordo com Legatti, mais de 90% dos contratos foram em reais e o projeto final foi or\u00e7ado em R$ 26 bilh\u00f5es. Segundo ele, o valor de US$ 18 bilh\u00f5es seria resultado de uma contabilidade da varia\u00e7\u00e3o da taxa de c\u00e2mbio. \u201cEla foi contratada por R$ 26 bi, em 2009, vim aqui [ao Congresso] e disse que a refinaria custava pr\u00f3ximo de 12 bilh\u00f5es. Como \u00e9 que a gente explica esse neg\u00f3cio de US$ 13,3 que foi pra US$ 18,5 bilh\u00f5es? A Petrobras converte todos os seus investimentos para d\u00f3lar, que na \u00e9poca era [cotado a] R$ 2,438.\u201d<\/p>\n<p>Legatti explicou que o total de US$ 2,4 bilh\u00f5es, apontado como valor da Abreu e Lima, referia-se a um projeto inicial e que a conta mais acertada do custo da refinaria seria US$ 13,3 bilh\u00f5es. \u201cO primeiro projeto, de US$ 2,4 bilh\u00f5es foi feito em 2005, e foi s\u00f3 o projeto conceitual: &#8216;quero uma refinaria de 200 mil barris&#8217;, e n\u00e3o se tinha mais nada [em termos de projeto]. Esse primeiro n\u00famero era para come\u00e7ar a fazer o projeto. No segundo momento, ela [a Petrobras] faz um projeto e define as unidades.&#8221;<\/p>\n<p>Segundo o ex-gerente da refinaria, a partir do aval da diretoria da empresa, passa-se a produzir um projeto mais detalhado para a refinaria. \u201cNessa segunda fase, o projeto vai para US$ 4,05 bilh\u00f5es. Na Fase 3, a empresa decide implantar de fato a refinaria. \u201cA refinaria de US$ 2,4 bi n\u00e3o existe, o que existe \u00e9 a refinaria de US$ 13,3 bi.\u201d<\/p>\n<p>Legatti negou ter tido conhecimento do esquema de carteliza\u00e7\u00e3o investigado na Lava Jato, afirmando que s\u00f3 tomou conhecimento das irregularidades quando elas foram tornadas p\u00fablicas com as investiga\u00e7\u00f5es da opera\u00e7\u00e3o. Sobre irregularidades praticadas pelo ex-diretor de Servi\u00e7os da estatal Renato Duque e pelo ex-gerente Pedro Barusco, disse que n\u00e3o sabia. \u201cS\u00f3 temos relacionamento profissional, nenhum pessoal\u201d, afirmou Legatti a respeito de Duque e Barusco.<\/p>\n<p>Perguntado se tinha alguma rela\u00e7\u00e3o com o ex-diretor de Abastecimento da Petrobras Paulo Roberto Costa, Legatti disse que o conhecia por ser contempor\u00e2neo de entrada na empresa, mas que nunca trabalhou, nem teve contato com ele. \u201cNunca trabalhei com o diretor Paulo Roberto Costa como subordinado ou em um grupo em que ele tenha sido meu chefe nesse per\u00edodo. Eu trabalhava na \u00e1rea de engenharia e ele, na de neg\u00f3cios\u201d, afirmou Legatti. Ele negou tamb\u00e9m ter conhecido ou ter se encontrado com o doleiro Alberto Youssef.<\/p>\n<p>Youssef, Barusco e Costa s\u00e3o delatores do esquema de desvio de recursos da estatal perante a Justi\u00e7a Federal e admitiram, em diversos depoimentos, ter recebido propina de empresas contratadas pela Petrobras. Renato Duque \u00e9 acusado por eles de fazer o mesmo, mas nega qualquer envolvimento.<\/p>\n<p>Aos deputados, Legatti disse que desconhece o processo de carteliza\u00e7\u00e3o denunciado pela Lava Jato e que todos os projetos licitat\u00f3rios ocorreram de forma transparente. \u201cN\u00f3s n\u00e3o contratamos nada fora da estimativa da Petrobras. O que se percebe \u00e9 que, dentro dos procedimentos da Petrobras, n\u00f3s jamais desconfiamos desse tipo de carteliza\u00e7\u00e3o.\u201d<\/p>\n<p>Fonte: Luciano Nascimento &#8211; Rep\u00f3rter da Ag\u00eancia Brasil<\/p>\n","protected":false},"excerpt":{"rendered":"<p>O ex-gerente geral da Refinaria Abreu e Lima, em Pernambuco, Glauco Legatti, negou hoje (31) superfaturamento na obra do empreendimento. \u201cN\u00e3o teve superfaturamento na obra\u201d,&#8230;<\/p>\n","protected":false},"author":1182,"featured_media":4453,"comment_status":"closed","ping_status":"closed","sticky":false,"template":"","format":"standard","meta":{"footnotes":""},"categories":[6],"tags":[],"class_list":["post-11486","post","type-post","status-publish","format-standard","has-post-thumbnail","hentry","category-noticias"],"_links":{"self":[{"href":"https:\/\/www.sincomam.org.br\/index.php\/wp-json\/wp\/v2\/posts\/11486","targetHints":{"allow":["GET"]}}],"collection":[{"href":"https:\/\/www.sincomam.org.br\/index.php\/wp-json\/wp\/v2\/posts"}],"about":[{"href":"https:\/\/www.sincomam.org.br\/index.php\/wp-json\/wp\/v2\/types\/post"}],"author":[{"embeddable":true,"href":"https:\/\/www.sincomam.org.br\/index.php\/wp-json\/wp\/v2\/users\/1182"}],"replies":[{"embeddable":true,"href":"https:\/\/www.sincomam.org.br\/index.php\/wp-json\/wp\/v2\/comments?post=11486"}],"version-history":[{"count":1,"href":"https:\/\/www.sincomam.org.br\/index.php\/wp-json\/wp\/v2\/posts\/11486\/revisions"}],"predecessor-version":[{"id":11487,"href":"https:\/\/www.sincomam.org.br\/index.php\/wp-json\/wp\/v2\/posts\/11486\/revisions\/11487"}],"wp:featuredmedia":[{"embeddable":true,"href":"https:\/\/www.sincomam.org.br\/index.php\/wp-json\/wp\/v2\/media\/4453"}],"wp:attachment":[{"href":"https:\/\/www.sincomam.org.br\/index.php\/wp-json\/wp\/v2\/media?parent=11486"}],"wp:term":[{"taxonomy":"category","embeddable":true,"href":"https:\/\/www.sincomam.org.br\/index.php\/wp-json\/wp\/v2\/categories?post=11486"},{"taxonomy":"post_tag","embeddable":true,"href":"https:\/\/www.sincomam.org.br\/index.php\/wp-json\/wp\/v2\/tags?post=11486"}],"curies":[{"name":"wp","href":"https:\/\/api.w.org\/{rel}","templated":true}]}}